{"id":4488,"date":"2024-11-02T18:42:09","date_gmt":"2024-11-02T17:42:09","guid":{"rendered":"https:\/\/wgphoto.pl\/t\/?p=4488"},"modified":"2024-11-02T18:42:09","modified_gmt":"2024-11-02T17:42:09","slug":"slazak-w-przemyslu","status":"publish","type":"post","link":"http:\/\/wgphoto.pl\/t\/?p=4488","title":{"rendered":"&#8222;\u015al\u0105zak&#8221; w Przemy\u015blu"},"content":{"rendered":"\n<figure class=\"wp-block-image aligncenter size-full\"><img loading=\"lazy\" decoding=\"async\" width=\"1300\" height=\"867\" src=\"https:\/\/wgphoto.pl\/t\/wp-content\/uploads\/2024\/11\/0410-25.jpg\" alt=\"\" class=\"wp-image-4489\" srcset=\"http:\/\/wgphoto.pl\/t\/wp-content\/uploads\/2024\/11\/0410-25.jpg 1300w, http:\/\/wgphoto.pl\/t\/wp-content\/uploads\/2024\/11\/0410-25-300x200.jpg 300w, http:\/\/wgphoto.pl\/t\/wp-content\/uploads\/2024\/11\/0410-25-768x512.jpg 768w\" sizes=\"auto, (max-width: 1300px) 100vw, 1300px\" \/><\/figure>\n\n\n\n<div class=\"wp-block-group has-global-padding is-layout-constrained wp-block-group-is-layout-constrained\">\n<p>Czekaj\u0105ca na prac\u0119 na \u017ceberku SM48-011 wita na stacji w Przemy\u015blu pospiesznego &#8222;\u015al\u0105zaka&#8221; 73101, prowadzonego EP07-412, kt\u00f3ry ko\u0144czy sw\u0105 d\u0142ug\u0105 tras\u0119 z Zielonej G\u00f3ry. 10.07.2004<\/p>\n<\/div>\n","protected":false},"excerpt":{"rendered":"<p>Czekaj\u0105ca na prac\u0119 na \u017ceberku SM48-011 wita na stacji w Przemy\u015blu pospiesznego &#8222;\u015al\u0105zaka&#8221; 73101, prowadzonego EP07-412, kt\u00f3ry ko\u0144czy sw\u0105 d\u0142ug\u0105 tras\u0119 z Zielonej G\u00f3ry. 10.07.2004<\/p>\n","protected":false},"author":1,"featured_media":4489,"comment_status":"open","ping_status":"","sticky":false,"template":"","format":"standard","meta":{"footnotes":""},"categories":[62,2,61],"tags":[849,124,63,27,1837,1345,603],"class_list":["post-4488","post","type-post","status-publish","format-standard","has-post-thumbnail","hentry","category-analog","category-kolej","category-rok-2004","tag-2004-07-10","tag-ep07","tag-pkp","tag-polska","tag-przemysl-2","tag-sm48","tag-tab-pl121"],"_links":{"self":[{"href":"http:\/\/wgphoto.pl\/t\/index.php?rest_route=\/wp\/v2\/posts\/4488","targetHints":{"allow":["GET"]}}],"collection":[{"href":"http:\/\/wgphoto.pl\/t\/index.php?rest_route=\/wp\/v2\/posts"}],"about":[{"href":"http:\/\/wgphoto.pl\/t\/index.php?rest_route=\/wp\/v2\/types\/post"}],"author":[{"embeddable":true,"href":"http:\/\/wgphoto.pl\/t\/index.php?rest_route=\/wp\/v2\/users\/1"}],"replies":[{"embeddable":true,"href":"http:\/\/wgphoto.pl\/t\/index.php?rest_route=%2Fwp%2Fv2%2Fcomments&post=4488"}],"version-history":[{"count":1,"href":"http:\/\/wgphoto.pl\/t\/index.php?rest_route=\/wp\/v2\/posts\/4488\/revisions"}],"predecessor-version":[{"id":4490,"href":"http:\/\/wgphoto.pl\/t\/index.php?rest_route=\/wp\/v2\/posts\/4488\/revisions\/4490"}],"wp:featuredmedia":[{"embeddable":true,"href":"http:\/\/wgphoto.pl\/t\/index.php?rest_route=\/wp\/v2\/media\/4489"}],"wp:attachment":[{"href":"http:\/\/wgphoto.pl\/t\/index.php?rest_route=%2Fwp%2Fv2%2Fmedia&parent=4488"}],"wp:term":[{"taxonomy":"category","embeddable":true,"href":"http:\/\/wgphoto.pl\/t\/index.php?rest_route=%2Fwp%2Fv2%2Fcategories&post=4488"},{"taxonomy":"post_tag","embeddable":true,"href":"http:\/\/wgphoto.pl\/t\/index.php?rest_route=%2Fwp%2Fv2%2Ftags&post=4488"}],"curies":[{"name":"wp","href":"https:\/\/api.w.org\/{rel}","templated":true}]}}