{"id":4494,"date":"2024-11-02T18:44:15","date_gmt":"2024-11-02T17:44:15","guid":{"rendered":"https:\/\/wgphoto.pl\/t\/?p=4494"},"modified":"2024-11-02T18:44:15","modified_gmt":"2024-11-02T17:44:15","slug":"zachod-slonca-nad-zamberkiem","status":"publish","type":"post","link":"http:\/\/wgphoto.pl\/t\/?p=4494","title":{"rendered":"Zach\u00f3d s\u0142o\u0144ca nad \u017damberkiem"},"content":{"rendered":"\n<figure class=\"wp-block-image aligncenter size-full\"><img loading=\"lazy\" decoding=\"async\" width=\"1206\" height=\"804\" src=\"https:\/\/wgphoto.pl\/t\/wp-content\/uploads\/2024\/11\/IMGP8268a.jpg\" alt=\"\" class=\"wp-image-4495\" srcset=\"http:\/\/wgphoto.pl\/t\/wp-content\/uploads\/2024\/11\/IMGP8268a.jpg 1206w, http:\/\/wgphoto.pl\/t\/wp-content\/uploads\/2024\/11\/IMGP8268a-300x200.jpg 300w, http:\/\/wgphoto.pl\/t\/wp-content\/uploads\/2024\/11\/IMGP8268a-768x512.jpg 768w\" sizes=\"auto, (max-width: 1206px) 100vw, 1206px\" \/><\/figure>\n\n\n\n<div class=\"wp-block-group has-global-padding is-layout-constrained wp-block-group-is-layout-constrained\">\n<p>Nurek 754.051-1 z rychlikiem 791 relacji Praha hl.n. &#8211; Letohrad zatrzymuje si\u0119 na przedostatnim postoju na swojej trasie. 11.10.2010<\/p>\n<\/div>\n","protected":false},"excerpt":{"rendered":"<p>Nurek 754.051-1 z rychlikiem 791 relacji Praha hl.n. &#8211; Letohrad zatrzymuje si\u0119 na przedostatnim postoju na swojej trasie. 11.10.2010<\/p>\n","protected":false},"author":1,"featured_media":4495,"comment_status":"open","ping_status":"","sticky":false,"template":"","format":"standard","meta":{"footnotes":""},"categories":[2,86],"tags":[1715,335,50,49,162,1841,90,1840],"class_list":["post-4494","post","type-post","status-publish","format-standard","has-post-thumbnail","hentry","category-kolej","category-rok-2010","tag-2010-10-11","tag-335","tag-cd","tag-czechy","tag-niebo","tag-tab-cz021","tag-wieczorem","tag-zamberk"],"_links":{"self":[{"href":"http:\/\/wgphoto.pl\/t\/index.php?rest_route=\/wp\/v2\/posts\/4494","targetHints":{"allow":["GET"]}}],"collection":[{"href":"http:\/\/wgphoto.pl\/t\/index.php?rest_route=\/wp\/v2\/posts"}],"about":[{"href":"http:\/\/wgphoto.pl\/t\/index.php?rest_route=\/wp\/v2\/types\/post"}],"author":[{"embeddable":true,"href":"http:\/\/wgphoto.pl\/t\/index.php?rest_route=\/wp\/v2\/users\/1"}],"replies":[{"embeddable":true,"href":"http:\/\/wgphoto.pl\/t\/index.php?rest_route=%2Fwp%2Fv2%2Fcomments&post=4494"}],"version-history":[{"count":1,"href":"http:\/\/wgphoto.pl\/t\/index.php?rest_route=\/wp\/v2\/posts\/4494\/revisions"}],"predecessor-version":[{"id":4496,"href":"http:\/\/wgphoto.pl\/t\/index.php?rest_route=\/wp\/v2\/posts\/4494\/revisions\/4496"}],"wp:featuredmedia":[{"embeddable":true,"href":"http:\/\/wgphoto.pl\/t\/index.php?rest_route=\/wp\/v2\/media\/4495"}],"wp:attachment":[{"href":"http:\/\/wgphoto.pl\/t\/index.php?rest_route=%2Fwp%2Fv2%2Fmedia&parent=4494"}],"wp:term":[{"taxonomy":"category","embeddable":true,"href":"http:\/\/wgphoto.pl\/t\/index.php?rest_route=%2Fwp%2Fv2%2Fcategories&post=4494"},{"taxonomy":"post_tag","embeddable":true,"href":"http:\/\/wgphoto.pl\/t\/index.php?rest_route=%2Fwp%2Fv2%2Ftags&post=4494"}],"curies":[{"name":"wp","href":"https:\/\/api.w.org\/{rel}","templated":true}]}}