{"id":4497,"date":"2024-11-02T19:01:47","date_gmt":"2024-11-02T18:01:47","guid":{"rendered":"https:\/\/wgphoto.pl\/t\/?p=4497"},"modified":"2024-11-02T19:01:47","modified_gmt":"2024-11-02T18:01:47","slug":"huta-pokoj","status":"publish","type":"post","link":"http:\/\/wgphoto.pl\/t\/?p=4497","title":{"rendered":"Huta Pok\u00f3j"},"content":{"rendered":"\n<figure class=\"wp-block-image aligncenter size-full\"><img loading=\"lazy\" decoding=\"async\" width=\"750\" height=\"1000\" src=\"https:\/\/wgphoto.pl\/t\/wp-content\/uploads\/2024\/11\/IMGP8342.jpg\" alt=\"\" class=\"wp-image-4498\" srcset=\"http:\/\/wgphoto.pl\/t\/wp-content\/uploads\/2024\/11\/IMGP8342.jpg 750w, http:\/\/wgphoto.pl\/t\/wp-content\/uploads\/2024\/11\/IMGP8342-225x300.jpg 225w\" sizes=\"auto, (max-width: 750px) 100vw, 750px\" \/><\/figure>\n\n\n\n<div class=\"wp-block-group has-global-padding is-layout-constrained wp-block-group-is-layout-constrained\">\n<p>Ruda \u015al\u0105ska &#8211; Nowy Bytom, ul. Piotra Niedurnego. \u017belazko nr 779 w chyba najpopularniejszym obecnie industrialnym kadrze w GOP, z wielkim piecem Huty Pok\u00f3j. 12.06.2020<\/p>\n<\/div>\n","protected":false},"excerpt":{"rendered":"<p>Ruda \u015al\u0105ska &#8211; Nowy Bytom, ul. Piotra Niedurnego. \u017belazko nr 779 w chyba najpopularniejszym obecnie industrialnym kadrze w GOP, z wielkim piecem Huty Pok\u00f3j. 12.06.2020<\/p>\n","protected":false},"author":1,"featured_media":4498,"comment_status":"open","ping_status":"","sticky":false,"template":"","format":"standard","meta":{"footnotes":""},"categories":[128,676,3],"tags":[155,1828,277,303,32,27,1842,279],"class_list":["post-4497","post","type-post","status-publish","format-standard","has-post-thumbnail","hentry","category-pionowe","category-rok-2020","category-tramwaj","tag-105na","tag-2020-06-12","tag-gop","tag-industrial","tag-pionowe","tag-polska","tag-ruda-slaska","tag-tramwaje-slaskie"],"_links":{"self":[{"href":"http:\/\/wgphoto.pl\/t\/index.php?rest_route=\/wp\/v2\/posts\/4497","targetHints":{"allow":["GET"]}}],"collection":[{"href":"http:\/\/wgphoto.pl\/t\/index.php?rest_route=\/wp\/v2\/posts"}],"about":[{"href":"http:\/\/wgphoto.pl\/t\/index.php?rest_route=\/wp\/v2\/types\/post"}],"author":[{"embeddable":true,"href":"http:\/\/wgphoto.pl\/t\/index.php?rest_route=\/wp\/v2\/users\/1"}],"replies":[{"embeddable":true,"href":"http:\/\/wgphoto.pl\/t\/index.php?rest_route=%2Fwp%2Fv2%2Fcomments&post=4497"}],"version-history":[{"count":1,"href":"http:\/\/wgphoto.pl\/t\/index.php?rest_route=\/wp\/v2\/posts\/4497\/revisions"}],"predecessor-version":[{"id":4499,"href":"http:\/\/wgphoto.pl\/t\/index.php?rest_route=\/wp\/v2\/posts\/4497\/revisions\/4499"}],"wp:featuredmedia":[{"embeddable":true,"href":"http:\/\/wgphoto.pl\/t\/index.php?rest_route=\/wp\/v2\/media\/4498"}],"wp:attachment":[{"href":"http:\/\/wgphoto.pl\/t\/index.php?rest_route=%2Fwp%2Fv2%2Fmedia&parent=4497"}],"wp:term":[{"taxonomy":"category","embeddable":true,"href":"http:\/\/wgphoto.pl\/t\/index.php?rest_route=%2Fwp%2Fv2%2Fcategories&post=4497"},{"taxonomy":"post_tag","embeddable":true,"href":"http:\/\/wgphoto.pl\/t\/index.php?rest_route=%2Fwp%2Fv2%2Ftags&post=4497"}],"curies":[{"name":"wp","href":"https:\/\/api.w.org\/{rel}","templated":true}]}}