{"id":4500,"date":"2024-11-02T19:02:56","date_gmt":"2024-11-02T18:02:56","guid":{"rendered":"https:\/\/wgphoto.pl\/t\/?p=4500"},"modified":"2024-11-02T21:18:09","modified_gmt":"2024-11-02T20:18:09","slug":"kolonia-janasa","status":"publish","type":"post","link":"http:\/\/wgphoto.pl\/t\/?p=4500","title":{"rendered":"Kolonia Janasa"},"content":{"rendered":"\n<figure class=\"wp-block-image aligncenter size-full\"><img loading=\"lazy\" decoding=\"async\" width=\"1300\" height=\"861\" src=\"https:\/\/wgphoto.pl\/t\/wp-content\/uploads\/2024\/11\/IMGP8331-1.jpg\" alt=\"\" class=\"wp-image-4502\" srcset=\"http:\/\/wgphoto.pl\/t\/wp-content\/uploads\/2024\/11\/IMGP8331-1.jpg 1300w, http:\/\/wgphoto.pl\/t\/wp-content\/uploads\/2024\/11\/IMGP8331-1-300x199.jpg 300w, http:\/\/wgphoto.pl\/t\/wp-content\/uploads\/2024\/11\/IMGP8331-1-768x509.jpg 768w\" sizes=\"auto, (max-width: 1300px) 100vw, 1300px\" \/><\/figure>\n\n\n\n<div class=\"wp-block-group has-global-padding is-layout-constrained wp-block-group-is-layout-constrained\">\n<p>\u015awi\u0119toch\u0142owice &#8211; Zgoda, ul. \u015al\u0105ska. Stopi\u0105tka po NG w Modertransie mija tytu\u0142owe osiedle. Takie skupiska familok\u00f3w, rozsiane w dosy\u0107 losowych miejscach, w odr\u00f3\u017cnieniu od zwartej zabudowy typowych miast, s\u0105 jak dla mnie jednym z symboli GOP-u. 12.06.2020<\/p>\n<\/div>\n","protected":false},"excerpt":{"rendered":"<p>\u015awi\u0119toch\u0142owice &#8211; Zgoda, ul. \u015al\u0105ska. Stopi\u0105tka po NG w Modertransie mija tytu\u0142owe osiedle. Takie skupiska familok\u00f3w, rozsiane w dosy\u0107 losowych miejscach, w odr\u00f3\u017cnieniu od zwartej zabudowy typowych miast, s\u0105 jak dla mnie jednym z symboli GOP-u. 12.06.2020<\/p>\n","protected":false},"author":1,"featured_media":4502,"comment_status":"open","ping_status":"","sticky":false,"template":"","format":"standard","meta":{"footnotes":""},"categories":[676,3],"tags":[155,1828,34,277,546,27,1091,279],"class_list":["post-4500","post","type-post","status-publish","format-standard","has-post-thumbnail","hentry","category-rok-2020","category-tramwaj","tag-105na","tag-2020-06-12","tag-architektura","tag-gop","tag-moderus-alfa","tag-polska","tag-swietochlowice","tag-tramwaje-slaskie"],"_links":{"self":[{"href":"http:\/\/wgphoto.pl\/t\/index.php?rest_route=\/wp\/v2\/posts\/4500","targetHints":{"allow":["GET"]}}],"collection":[{"href":"http:\/\/wgphoto.pl\/t\/index.php?rest_route=\/wp\/v2\/posts"}],"about":[{"href":"http:\/\/wgphoto.pl\/t\/index.php?rest_route=\/wp\/v2\/types\/post"}],"author":[{"embeddable":true,"href":"http:\/\/wgphoto.pl\/t\/index.php?rest_route=\/wp\/v2\/users\/1"}],"replies":[{"embeddable":true,"href":"http:\/\/wgphoto.pl\/t\/index.php?rest_route=%2Fwp%2Fv2%2Fcomments&post=4500"}],"version-history":[{"count":2,"href":"http:\/\/wgphoto.pl\/t\/index.php?rest_route=\/wp\/v2\/posts\/4500\/revisions"}],"predecessor-version":[{"id":4605,"href":"http:\/\/wgphoto.pl\/t\/index.php?rest_route=\/wp\/v2\/posts\/4500\/revisions\/4605"}],"wp:featuredmedia":[{"embeddable":true,"href":"http:\/\/wgphoto.pl\/t\/index.php?rest_route=\/wp\/v2\/media\/4502"}],"wp:attachment":[{"href":"http:\/\/wgphoto.pl\/t\/index.php?rest_route=%2Fwp%2Fv2%2Fmedia&parent=4500"}],"wp:term":[{"taxonomy":"category","embeddable":true,"href":"http:\/\/wgphoto.pl\/t\/index.php?rest_route=%2Fwp%2Fv2%2Fcategories&post=4500"},{"taxonomy":"post_tag","embeddable":true,"href":"http:\/\/wgphoto.pl\/t\/index.php?rest_route=%2Fwp%2Fv2%2Ftags&post=4500"}],"curies":[{"name":"wp","href":"https:\/\/api.w.org\/{rel}","templated":true}]}}