{"id":4561,"date":"2024-11-02T20:48:57","date_gmt":"2024-11-02T19:48:57","guid":{"rendered":"https:\/\/wgphoto.pl\/t\/?p=4561"},"modified":"2024-11-02T20:48:57","modified_gmt":"2024-11-02T19:48:57","slug":"godz-343-w-sybinie","status":"publish","type":"post","link":"http:\/\/wgphoto.pl\/t\/?p=4561","title":{"rendered":"Godz. 3:43 w Sybinie"},"content":{"rendered":"\n<figure class=\"wp-block-image aligncenter size-full\"><img loading=\"lazy\" decoding=\"async\" width=\"1300\" height=\"861\" src=\"https:\/\/wgphoto.pl\/t\/wp-content\/uploads\/2024\/11\/IMGP5962-1.jpg\" alt=\"\" class=\"wp-image-4563\" srcset=\"http:\/\/wgphoto.pl\/t\/wp-content\/uploads\/2024\/11\/IMGP5962-1.jpg 1300w, http:\/\/wgphoto.pl\/t\/wp-content\/uploads\/2024\/11\/IMGP5962-1-300x199.jpg 300w, http:\/\/wgphoto.pl\/t\/wp-content\/uploads\/2024\/11\/IMGP5962-1-768x509.jpg 768w\" sizes=\"auto, (max-width: 1300px) 100vw, 1300px\" \/><\/figure>\n\n\n\n<div class=\"wp-block-group has-global-padding is-layout-constrained wp-block-group-is-layout-constrained\">\n<p>Stacja Sibiu w \u015brodku nocy. GM 64.1190 podstawi\u0142 si\u0119 ju\u017c pod sk\u0142ad poci\u0105gu IR 1528 do Bukaresztu, pora wi\u0119c zrobi\u0107 kilka zdj\u0119\u0107, by potem m\u00f3c spokojnie po\u0142o\u017cy\u0107 si\u0119 spa\u0107 na dworcowej \u0142awce. 19.10.2019<\/p>\n<\/div>\n","protected":false},"excerpt":{"rendered":"<p>Stacja Sibiu w \u015brodku nocy. GM 64.1190 podstawi\u0142 si\u0119 ju\u017c pod sk\u0142ad poci\u0105gu IR 1528 do Bukaresztu, pora wi\u0119c zrobi\u0107 kilka zdj\u0119\u0107, by potem m\u00f3c spokojnie po\u0142o\u017cy\u0107 si\u0119 spa\u0107 na dworcowej \u0142awce. 19.10.2019<\/p>\n","protected":false},"author":1,"featured_media":4563,"comment_status":"open","ping_status":"","sticky":false,"template":"","format":"standard","meta":{"footnotes":""},"categories":[2,136],"tags":[960,961,958,154,24,574,1857,575],"class_list":["post-4561","post","type-post","status-publish","format-standard","has-post-thumbnail","hentry","category-kolej","category-rok-2019","tag-2019-10-19","tag-961","tag-cfr","tag-noc","tag-perony","tag-rumunia","tag-sibiu","tag-wakacje-2019"],"_links":{"self":[{"href":"http:\/\/wgphoto.pl\/t\/index.php?rest_route=\/wp\/v2\/posts\/4561","targetHints":{"allow":["GET"]}}],"collection":[{"href":"http:\/\/wgphoto.pl\/t\/index.php?rest_route=\/wp\/v2\/posts"}],"about":[{"href":"http:\/\/wgphoto.pl\/t\/index.php?rest_route=\/wp\/v2\/types\/post"}],"author":[{"embeddable":true,"href":"http:\/\/wgphoto.pl\/t\/index.php?rest_route=\/wp\/v2\/users\/1"}],"replies":[{"embeddable":true,"href":"http:\/\/wgphoto.pl\/t\/index.php?rest_route=%2Fwp%2Fv2%2Fcomments&post=4561"}],"version-history":[{"count":1,"href":"http:\/\/wgphoto.pl\/t\/index.php?rest_route=\/wp\/v2\/posts\/4561\/revisions"}],"predecessor-version":[{"id":4564,"href":"http:\/\/wgphoto.pl\/t\/index.php?rest_route=\/wp\/v2\/posts\/4561\/revisions\/4564"}],"wp:featuredmedia":[{"embeddable":true,"href":"http:\/\/wgphoto.pl\/t\/index.php?rest_route=\/wp\/v2\/media\/4563"}],"wp:attachment":[{"href":"http:\/\/wgphoto.pl\/t\/index.php?rest_route=%2Fwp%2Fv2%2Fmedia&parent=4561"}],"wp:term":[{"taxonomy":"category","embeddable":true,"href":"http:\/\/wgphoto.pl\/t\/index.php?rest_route=%2Fwp%2Fv2%2Fcategories&post=4561"},{"taxonomy":"post_tag","embeddable":true,"href":"http:\/\/wgphoto.pl\/t\/index.php?rest_route=%2Fwp%2Fv2%2Ftags&post=4561"}],"curies":[{"name":"wp","href":"https:\/\/api.w.org\/{rel}","templated":true}]}}