{"id":4594,"date":"2024-11-02T21:01:33","date_gmt":"2024-11-02T20:01:33","guid":{"rendered":"https:\/\/wgphoto.pl\/t\/?p=4594"},"modified":"2024-11-02T21:01:33","modified_gmt":"2024-11-02T20:01:33","slug":"chelmzynski-karzelek","status":"publish","type":"post","link":"http:\/\/wgphoto.pl\/t\/?p=4594","title":{"rendered":"Che\u0142m\u017cy\u0144ski karze\u0142ek"},"content":{"rendered":"\n<figure class=\"wp-block-image aligncenter size-full\"><img loading=\"lazy\" decoding=\"async\" width=\"1300\" height=\"867\" src=\"https:\/\/wgphoto.pl\/t\/wp-content\/uploads\/2024\/11\/0518-33.jpg\" alt=\"\" class=\"wp-image-4595\" srcset=\"http:\/\/wgphoto.pl\/t\/wp-content\/uploads\/2024\/11\/0518-33.jpg 1300w, http:\/\/wgphoto.pl\/t\/wp-content\/uploads\/2024\/11\/0518-33-300x200.jpg 300w, http:\/\/wgphoto.pl\/t\/wp-content\/uploads\/2024\/11\/0518-33-768x512.jpg 768w\" sizes=\"auto, (max-width: 1300px) 100vw, 1300px\" \/><\/figure>\n\n\n\n<div class=\"wp-block-group has-global-padding is-layout-constrained wp-block-group-is-layout-constrained\">\n<p>SU45-178 z poci\u0105giem osobowym 55022 z Grudzi\u0105dza do Torunia G\u0142. odje\u017cd\u017ca z Che\u0142m\u017cy, mijaj\u0105c jedn\u0105 z osobliwo\u015bci tutejszej stacji. Mam dwa zdj\u0119cia z tym karze\u0142kowym semaforem (drugie bez skanu) i \u017cadne nie jest optymalne. 27.07.2005<\/p>\n<\/div>\n","protected":false},"excerpt":{"rendered":"<p>SU45-178 z poci\u0105giem osobowym 55022 z Grudzi\u0105dza do Torunia G\u0142. odje\u017cd\u017ca z Che\u0142m\u017cy, mijaj\u0105c jedn\u0105 z osobliwo\u015bci tutejszej stacji. Mam dwa zdj\u0119cia z tym karze\u0142kowym semaforem (drugie bez skanu) i \u017cadne nie jest optymalne. 27.07.2005<\/p>\n","protected":false},"author":1,"featured_media":4595,"comment_status":"open","ping_status":"","sticky":false,"template":"","format":"standard","meta":{"footnotes":""},"categories":[62,2,311],"tags":[1002,1514,230,63,27,176,290,53,1512],"class_list":["post-4594","post","type-post","status-publish","format-standard","has-post-thumbnail","hentry","category-analog","category-kolej","category-rok-2005","tag-2005-07-27","tag-chelmza","tag-infrastruktura","tag-pkp","tag-polska","tag-rano","tag-su45","tag-sygnalizacja-ksztaltowa","tag-tab-pl415"],"_links":{"self":[{"href":"http:\/\/wgphoto.pl\/t\/index.php?rest_route=\/wp\/v2\/posts\/4594","targetHints":{"allow":["GET"]}}],"collection":[{"href":"http:\/\/wgphoto.pl\/t\/index.php?rest_route=\/wp\/v2\/posts"}],"about":[{"href":"http:\/\/wgphoto.pl\/t\/index.php?rest_route=\/wp\/v2\/types\/post"}],"author":[{"embeddable":true,"href":"http:\/\/wgphoto.pl\/t\/index.php?rest_route=\/wp\/v2\/users\/1"}],"replies":[{"embeddable":true,"href":"http:\/\/wgphoto.pl\/t\/index.php?rest_route=%2Fwp%2Fv2%2Fcomments&post=4594"}],"version-history":[{"count":1,"href":"http:\/\/wgphoto.pl\/t\/index.php?rest_route=\/wp\/v2\/posts\/4594\/revisions"}],"predecessor-version":[{"id":4596,"href":"http:\/\/wgphoto.pl\/t\/index.php?rest_route=\/wp\/v2\/posts\/4594\/revisions\/4596"}],"wp:featuredmedia":[{"embeddable":true,"href":"http:\/\/wgphoto.pl\/t\/index.php?rest_route=\/wp\/v2\/media\/4595"}],"wp:attachment":[{"href":"http:\/\/wgphoto.pl\/t\/index.php?rest_route=%2Fwp%2Fv2%2Fmedia&parent=4594"}],"wp:term":[{"taxonomy":"category","embeddable":true,"href":"http:\/\/wgphoto.pl\/t\/index.php?rest_route=%2Fwp%2Fv2%2Fcategories&post=4594"},{"taxonomy":"post_tag","embeddable":true,"href":"http:\/\/wgphoto.pl\/t\/index.php?rest_route=%2Fwp%2Fv2%2Ftags&post=4594"}],"curies":[{"name":"wp","href":"https:\/\/api.w.org\/{rel}","templated":true}]}}