{"id":4609,"date":"2024-11-03T17:15:18","date_gmt":"2024-11-03T16:15:18","guid":{"rendered":"https:\/\/wgphoto.pl\/t\/?p=4609"},"modified":"2024-11-03T17:15:18","modified_gmt":"2024-11-03T16:15:18","slug":"wyjazd-z-garazu","status":"publish","type":"post","link":"http:\/\/wgphoto.pl\/t\/?p=4609","title":{"rendered":"Wyjazd z gara\u017cu"},"content":{"rendered":"\n<figure class=\"wp-block-image aligncenter size-full\"><img loading=\"lazy\" decoding=\"async\" width=\"1300\" height=\"861\" src=\"https:\/\/wgphoto.pl\/t\/wp-content\/uploads\/2024\/11\/IMGP1000.jpg\" alt=\"\" class=\"wp-image-4610\" srcset=\"http:\/\/wgphoto.pl\/t\/wp-content\/uploads\/2024\/11\/IMGP1000.jpg 1300w, http:\/\/wgphoto.pl\/t\/wp-content\/uploads\/2024\/11\/IMGP1000-300x199.jpg 300w, http:\/\/wgphoto.pl\/t\/wp-content\/uploads\/2024\/11\/IMGP1000-768x509.jpg 768w\" sizes=\"auto, (max-width: 1300px) 100vw, 1300px\" \/><\/figure>\n\n\n\n<div class=\"wp-block-group has-global-padding is-layout-constrained wp-block-group-is-layout-constrained\">\n<p>Wagon PCC nr 7824 wyje\u017cd\u017ca z podziemnej p\u0119tli Montgomery w Woluwe-Saint-Pierre w Regionie Sto\u0142ecznym Brukseli. Od kiedy z linii 39 i 44 wycofano ostatnie w Brukseli tramwaje jednokierunkowe, p\u0119tla nie jest u\u017cywana jako p\u0119tla, lecz zwyk\u0142y przystanek ko\u0144cowy. Tym samym widoczna platforma najazdowa stanowi kr\u00f3tki odcinek jednotorowy eksploatowany w dw\u00f3ch kierunkach. 18.08.2018<\/p>\n<\/div>\n","protected":false},"excerpt":{"rendered":"<p>Wagon PCC nr 7824 wyje\u017cd\u017ca z podziemnej p\u0119tli Montgomery w Woluwe-Saint-Pierre w Regionie Sto\u0142ecznym Brukseli. Od kiedy z linii 39 i 44 wycofano ostatnie w Brukseli tramwaje jednokierunkowe, p\u0119tla nie jest u\u017cywana jako p\u0119tla, lecz zwyk\u0142y przystanek ko\u0144cowy. Tym samym widoczna platforma najazdowa stanowi kr\u00f3tki odcinek jednotorowy eksploatowany w dw\u00f3ch kierunkach. 18.08.2018<\/p>\n","protected":false},"author":1,"featured_media":4610,"comment_status":"open","ping_status":"","sticky":false,"template":"","format":"standard","meta":{"footnotes":""},"categories":[156,3],"tags":[1252,695,696,692,694,103,693,223,15],"class_list":["post-4609","post","type-post","status-publish","format-standard","has-post-thumbnail","hentry","category-rok-2018","category-tramwaj","tag-2018-08-18","tag-belgia","tag-belgia-2018","tag-bruksela","tag-pcc","tag-premetro","tag-stib-mivb-bruxelles","tag-symetria","tag-tunel"],"_links":{"self":[{"href":"http:\/\/wgphoto.pl\/t\/index.php?rest_route=\/wp\/v2\/posts\/4609","targetHints":{"allow":["GET"]}}],"collection":[{"href":"http:\/\/wgphoto.pl\/t\/index.php?rest_route=\/wp\/v2\/posts"}],"about":[{"href":"http:\/\/wgphoto.pl\/t\/index.php?rest_route=\/wp\/v2\/types\/post"}],"author":[{"embeddable":true,"href":"http:\/\/wgphoto.pl\/t\/index.php?rest_route=\/wp\/v2\/users\/1"}],"replies":[{"embeddable":true,"href":"http:\/\/wgphoto.pl\/t\/index.php?rest_route=%2Fwp%2Fv2%2Fcomments&post=4609"}],"version-history":[{"count":1,"href":"http:\/\/wgphoto.pl\/t\/index.php?rest_route=\/wp\/v2\/posts\/4609\/revisions"}],"predecessor-version":[{"id":4611,"href":"http:\/\/wgphoto.pl\/t\/index.php?rest_route=\/wp\/v2\/posts\/4609\/revisions\/4611"}],"wp:featuredmedia":[{"embeddable":true,"href":"http:\/\/wgphoto.pl\/t\/index.php?rest_route=\/wp\/v2\/media\/4610"}],"wp:attachment":[{"href":"http:\/\/wgphoto.pl\/t\/index.php?rest_route=%2Fwp%2Fv2%2Fmedia&parent=4609"}],"wp:term":[{"taxonomy":"category","embeddable":true,"href":"http:\/\/wgphoto.pl\/t\/index.php?rest_route=%2Fwp%2Fv2%2Fcategories&post=4609"},{"taxonomy":"post_tag","embeddable":true,"href":"http:\/\/wgphoto.pl\/t\/index.php?rest_route=%2Fwp%2Fv2%2Ftags&post=4609"}],"curies":[{"name":"wp","href":"https:\/\/api.w.org\/{rel}","templated":true}]}}