{"id":4637,"date":"2024-11-03T17:25:14","date_gmt":"2024-11-03T16:25:14","guid":{"rendered":"https:\/\/wgphoto.pl\/t\/?p=4637"},"modified":"2024-11-03T17:25:14","modified_gmt":"2024-11-03T16:25:14","slug":"eklektyzm","status":"publish","type":"post","link":"http:\/\/wgphoto.pl\/t\/?p=4637","title":{"rendered":"Eklektyzm"},"content":{"rendered":"\n<figure class=\"wp-block-image aligncenter size-full\"><img loading=\"lazy\" decoding=\"async\" width=\"1300\" height=\"861\" src=\"https:\/\/wgphoto.pl\/t\/wp-content\/uploads\/2024\/11\/IMGP4675.jpg\" alt=\"\" class=\"wp-image-4638\" srcset=\"http:\/\/wgphoto.pl\/t\/wp-content\/uploads\/2024\/11\/IMGP4675.jpg 1300w, http:\/\/wgphoto.pl\/t\/wp-content\/uploads\/2024\/11\/IMGP4675-300x199.jpg 300w, http:\/\/wgphoto.pl\/t\/wp-content\/uploads\/2024\/11\/IMGP4675-768x509.jpg 768w\" sizes=\"auto, (max-width: 1300px) 100vw, 1300px\" \/><\/figure>\n\n\n\n<div class=\"wp-block-group has-global-padding is-layout-constrained wp-block-group-is-layout-constrained\">\n<p>Magdeburg, Breiter Weg. Eklektyzm w miejskiej zabudowie oraz w sk\u0142adzie tramwaju. Niskacz NGT8D ci\u0105gnie doczep\u0119 Tatra B6A2. 01.05.2016<\/p>\n<\/div>\n","protected":false},"excerpt":{"rendered":"<p>Magdeburg, Breiter Weg. Eklektyzm w miejskiej zabudowie oraz w sk\u0142adzie tramwaju. Niskacz NGT8D ci\u0105gnie doczep\u0119 Tatra B6A2. 01.05.2016<\/p>\n","protected":false},"author":1,"featured_media":4638,"comment_status":"open","ping_status":"","sticky":false,"template":"","format":"standard","meta":{"footnotes":""},"categories":[125,3],"tags":[1407,1408,34,1405,635,1406,23,143,90],"class_list":["post-4637","post","type-post","status-publish","format-standard","has-post-thumbnail","hentry","category-rok-2016","category-tramwaj","tag-2016-05-01","tag-alstom-citadis200","tag-architektura","tag-magdeburg","tag-majowka-2016","tag-mvb-magdeburg","tag-niemcy","tag-ponad-30m","tag-wieczorem"],"_links":{"self":[{"href":"http:\/\/wgphoto.pl\/t\/index.php?rest_route=\/wp\/v2\/posts\/4637","targetHints":{"allow":["GET"]}}],"collection":[{"href":"http:\/\/wgphoto.pl\/t\/index.php?rest_route=\/wp\/v2\/posts"}],"about":[{"href":"http:\/\/wgphoto.pl\/t\/index.php?rest_route=\/wp\/v2\/types\/post"}],"author":[{"embeddable":true,"href":"http:\/\/wgphoto.pl\/t\/index.php?rest_route=\/wp\/v2\/users\/1"}],"replies":[{"embeddable":true,"href":"http:\/\/wgphoto.pl\/t\/index.php?rest_route=%2Fwp%2Fv2%2Fcomments&post=4637"}],"version-history":[{"count":1,"href":"http:\/\/wgphoto.pl\/t\/index.php?rest_route=\/wp\/v2\/posts\/4637\/revisions"}],"predecessor-version":[{"id":4639,"href":"http:\/\/wgphoto.pl\/t\/index.php?rest_route=\/wp\/v2\/posts\/4637\/revisions\/4639"}],"wp:featuredmedia":[{"embeddable":true,"href":"http:\/\/wgphoto.pl\/t\/index.php?rest_route=\/wp\/v2\/media\/4638"}],"wp:attachment":[{"href":"http:\/\/wgphoto.pl\/t\/index.php?rest_route=%2Fwp%2Fv2%2Fmedia&parent=4637"}],"wp:term":[{"taxonomy":"category","embeddable":true,"href":"http:\/\/wgphoto.pl\/t\/index.php?rest_route=%2Fwp%2Fv2%2Fcategories&post=4637"},{"taxonomy":"post_tag","embeddable":true,"href":"http:\/\/wgphoto.pl\/t\/index.php?rest_route=%2Fwp%2Fv2%2Ftags&post=4637"}],"curies":[{"name":"wp","href":"https:\/\/api.w.org\/{rel}","templated":true}]}}