{"id":4671,"date":"2024-11-03T17:57:45","date_gmt":"2024-11-03T16:57:45","guid":{"rendered":"https:\/\/wgphoto.pl\/t\/?p=4671"},"modified":"2024-11-03T17:57:45","modified_gmt":"2024-11-03T16:57:45","slug":"ep07-338","status":"publish","type":"post","link":"http:\/\/wgphoto.pl\/t\/?p=4671","title":{"rendered":"EP07-338"},"content":{"rendered":"\n<figure class=\"wp-block-image aligncenter size-full\"><img loading=\"lazy\" decoding=\"async\" width=\"1300\" height=\"861\" src=\"https:\/\/wgphoto.pl\/t\/wp-content\/uploads\/2024\/11\/IMGP7446.jpg\" alt=\"\" class=\"wp-image-4672\" srcset=\"http:\/\/wgphoto.pl\/t\/wp-content\/uploads\/2024\/11\/IMGP7446.jpg 1300w, http:\/\/wgphoto.pl\/t\/wp-content\/uploads\/2024\/11\/IMGP7446-300x199.jpg 300w, http:\/\/wgphoto.pl\/t\/wp-content\/uploads\/2024\/11\/IMGP7446-768x509.jpg 768w\" sizes=\"auto, (max-width: 1300px) 100vw, 1300px\" \/><\/figure>\n\n\n\n<div class=\"wp-block-group has-global-padding is-layout-constrained wp-block-group-is-layout-constrained\">\n<p>Tytu\u0142owa maszyna odje\u017cd\u017ca z Opola G\u0142\u00f3wnego ze sk\u0142adem TLK &#8222;\u015al\u0105zak&#8221; z Poznania G\u0142. do Katowic. C\u00f3\u017c za profanacja nazwy, kt\u00f3ra od zawsze kojarzy\u0142a si\u0119 z po\u0142\u0105czeniem Zielonej G\u00f3ry i Krakowa. 02.02.2020<\/p>\n<\/div>\n","protected":false},"excerpt":{"rendered":"<p>Tytu\u0142owa maszyna odje\u017cd\u017ca z Opola G\u0142\u00f3wnego ze sk\u0142adem TLK &#8222;\u015al\u0105zak&#8221; z Poznania G\u0142. do Katowic. C\u00f3\u017c za profanacja nazwy, kt\u00f3ra od zawsze kojarzy\u0142a si\u0119 z po\u0142\u0105czeniem Zielonej G\u00f3ry i Krakowa. 02.02.2020<\/p>\n","protected":false},"author":1,"featured_media":4672,"comment_status":"open","ping_status":"","sticky":false,"template":"","format":"standard","meta":{"footnotes":""},"categories":[2,676],"tags":[1755,122,1389,24,63,27,139,711],"class_list":["post-4671","post","type-post","status-publish","format-standard","has-post-thumbnail","hentry","category-kolej","category-rok-2020","tag-2020-02-02","tag-eu07","tag-opole-glowne","tag-perony","tag-pkp","tag-polska","tag-retro","tag-tab-pl220"],"_links":{"self":[{"href":"http:\/\/wgphoto.pl\/t\/index.php?rest_route=\/wp\/v2\/posts\/4671","targetHints":{"allow":["GET"]}}],"collection":[{"href":"http:\/\/wgphoto.pl\/t\/index.php?rest_route=\/wp\/v2\/posts"}],"about":[{"href":"http:\/\/wgphoto.pl\/t\/index.php?rest_route=\/wp\/v2\/types\/post"}],"author":[{"embeddable":true,"href":"http:\/\/wgphoto.pl\/t\/index.php?rest_route=\/wp\/v2\/users\/1"}],"replies":[{"embeddable":true,"href":"http:\/\/wgphoto.pl\/t\/index.php?rest_route=%2Fwp%2Fv2%2Fcomments&post=4671"}],"version-history":[{"count":1,"href":"http:\/\/wgphoto.pl\/t\/index.php?rest_route=\/wp\/v2\/posts\/4671\/revisions"}],"predecessor-version":[{"id":4673,"href":"http:\/\/wgphoto.pl\/t\/index.php?rest_route=\/wp\/v2\/posts\/4671\/revisions\/4673"}],"wp:featuredmedia":[{"embeddable":true,"href":"http:\/\/wgphoto.pl\/t\/index.php?rest_route=\/wp\/v2\/media\/4672"}],"wp:attachment":[{"href":"http:\/\/wgphoto.pl\/t\/index.php?rest_route=%2Fwp%2Fv2%2Fmedia&parent=4671"}],"wp:term":[{"taxonomy":"category","embeddable":true,"href":"http:\/\/wgphoto.pl\/t\/index.php?rest_route=%2Fwp%2Fv2%2Fcategories&post=4671"},{"taxonomy":"post_tag","embeddable":true,"href":"http:\/\/wgphoto.pl\/t\/index.php?rest_route=%2Fwp%2Fv2%2Ftags&post=4671"}],"curies":[{"name":"wp","href":"https:\/\/api.w.org\/{rel}","templated":true}]}}