{"id":4699,"date":"2024-11-03T18:08:26","date_gmt":"2024-11-03T17:08:26","guid":{"rendered":"https:\/\/wgphoto.pl\/t\/?p=4699"},"modified":"2024-11-03T18:08:26","modified_gmt":"2024-11-03T17:08:26","slug":"czasoprzestrzen","status":"publish","type":"post","link":"http:\/\/wgphoto.pl\/t\/?p=4699","title":{"rendered":"Czasoprzestrze\u0144"},"content":{"rendered":"\n<figure class=\"wp-block-image aligncenter size-full\"><img loading=\"lazy\" decoding=\"async\" width=\"1300\" height=\"861\" src=\"https:\/\/wgphoto.pl\/t\/wp-content\/uploads\/2024\/11\/IMGP9128-1.jpg\" alt=\"\" class=\"wp-image-4701\" srcset=\"http:\/\/wgphoto.pl\/t\/wp-content\/uploads\/2024\/11\/IMGP9128-1.jpg 1300w, http:\/\/wgphoto.pl\/t\/wp-content\/uploads\/2024\/11\/IMGP9128-1-300x199.jpg 300w, http:\/\/wgphoto.pl\/t\/wp-content\/uploads\/2024\/11\/IMGP9128-1-768x509.jpg 768w\" sizes=\"auto, (max-width: 1300px) 100vw, 1300px\" \/><\/figure>\n\n\n\n<div class=\"wp-block-group has-global-padding is-layout-constrained wp-block-group-is-layout-constrained\">\n<p>Wroc\u0142aw, by\u0142a zajezdnia D\u0105bie, obecnie, na czas remontu trasy na Biskupin, p\u0119tla o nazwie <em>Zajezdnia D\u0105bie <a href=\"http:\/\/czasoprzestrzen.org\/\">Czasoprzestrze\u0144<\/a><\/em>. Ko\u0144cz\u0105 tu obecnie linie 2 i 10, i na obu aktualnie mo\u017cna spotka\u0107 Pes\u0119, co jest widokiem ca\u0142kiem wyj\u0105tkowym. Taka obs\u0142uga jest mo\u017cliwa dzi\u0119ki trasie objazdowej dla tych linii, wiod\u0105cej przez most Grunwaldzki. Za kilka dni, gdy 2 i 10 wr\u00f3c\u0105 na most Pokoju, Pesa znowu nie b\u0119dzie mog\u0142a je\u017adzi\u0107 na \u017cadnej z nich. 01.08.2020<\/p>\n<\/div>\n","protected":false},"excerpt":{"rendered":"<p>Wroc\u0142aw, by\u0142a zajezdnia D\u0105bie, obecnie, na czas remontu trasy na Biskupin, p\u0119tla o nazwie Zajezdnia D\u0105bie Czasoprzestrze\u0144. Ko\u0144cz\u0105 tu obecnie linie 2 i 10, i na obu aktualnie mo\u017cna spotka\u0107 Pes\u0119, co jest widokiem ca\u0142kiem wyj\u0105tkowym. Taka obs\u0142uga jest mo\u017cliwa dzi\u0119ki trasie objazdowej dla tych linii, wiod\u0105cej przez most Grunwaldzki. Za kilka dni, gdy 2 [&hellip;]<\/p>\n","protected":false},"author":1,"featured_media":4701,"comment_status":"open","ping_status":"","sticky":false,"template":"","format":"standard","meta":{"footnotes":""},"categories":[676,3],"tags":[1899,91,42,1207,27,439,90,41,138],"class_list":["post-4699","post","type-post","status-publish","format-standard","has-post-thumbnail","hentry","category-rok-2020","category-tramwaj","tag-2020-08-01","tag-blue-hour","tag-mpk-wroclaw","tag-pesa-twist","tag-polska","tag-we-fabryce","tag-wieczorem","tag-wroclaw","tag-zajezdnia"],"_links":{"self":[{"href":"http:\/\/wgphoto.pl\/t\/index.php?rest_route=\/wp\/v2\/posts\/4699","targetHints":{"allow":["GET"]}}],"collection":[{"href":"http:\/\/wgphoto.pl\/t\/index.php?rest_route=\/wp\/v2\/posts"}],"about":[{"href":"http:\/\/wgphoto.pl\/t\/index.php?rest_route=\/wp\/v2\/types\/post"}],"author":[{"embeddable":true,"href":"http:\/\/wgphoto.pl\/t\/index.php?rest_route=\/wp\/v2\/users\/1"}],"replies":[{"embeddable":true,"href":"http:\/\/wgphoto.pl\/t\/index.php?rest_route=%2Fwp%2Fv2%2Fcomments&post=4699"}],"version-history":[{"count":1,"href":"http:\/\/wgphoto.pl\/t\/index.php?rest_route=\/wp\/v2\/posts\/4699\/revisions"}],"predecessor-version":[{"id":4702,"href":"http:\/\/wgphoto.pl\/t\/index.php?rest_route=\/wp\/v2\/posts\/4699\/revisions\/4702"}],"wp:featuredmedia":[{"embeddable":true,"href":"http:\/\/wgphoto.pl\/t\/index.php?rest_route=\/wp\/v2\/media\/4701"}],"wp:attachment":[{"href":"http:\/\/wgphoto.pl\/t\/index.php?rest_route=%2Fwp%2Fv2%2Fmedia&parent=4699"}],"wp:term":[{"taxonomy":"category","embeddable":true,"href":"http:\/\/wgphoto.pl\/t\/index.php?rest_route=%2Fwp%2Fv2%2Fcategories&post=4699"},{"taxonomy":"post_tag","embeddable":true,"href":"http:\/\/wgphoto.pl\/t\/index.php?rest_route=%2Fwp%2Fv2%2Ftags&post=4699"}],"curies":[{"name":"wp","href":"https:\/\/api.w.org\/{rel}","templated":true}]}}