{"id":4709,"date":"2024-11-03T18:12:10","date_gmt":"2024-11-03T17:12:10","guid":{"rendered":"https:\/\/wgphoto.pl\/t\/?p=4709"},"modified":"2024-11-03T18:12:10","modified_gmt":"2024-11-03T17:12:10","slug":"miasto-ciuchow","status":"publish","type":"post","link":"http:\/\/wgphoto.pl\/t\/?p=4709","title":{"rendered":"Miasto ciuch\u00f3w"},"content":{"rendered":"\n<figure class=\"wp-block-image aligncenter size-full\"><img loading=\"lazy\" decoding=\"async\" width=\"1300\" height=\"867\" src=\"https:\/\/wgphoto.pl\/t\/wp-content\/uploads\/2024\/11\/0723-23.jpg\" alt=\"\" class=\"wp-image-4710\" srcset=\"http:\/\/wgphoto.pl\/t\/wp-content\/uploads\/2024\/11\/0723-23.jpg 1300w, http:\/\/wgphoto.pl\/t\/wp-content\/uploads\/2024\/11\/0723-23-300x200.jpg 300w, http:\/\/wgphoto.pl\/t\/wp-content\/uploads\/2024\/11\/0723-23-768x512.jpg 768w\" sizes=\"auto, (max-width: 1300px) 100vw, 1300px\" \/><\/figure>\n\n\n\n<div class=\"wp-block-group has-global-padding is-layout-constrained wp-block-group-is-layout-constrained\">\n<p>Grudzi\u0105dz, ul. Legion\u00f3w. Wbrew reklamie na tramwaju, Grudzi\u0105dz nie by\u0142 wcale miastem ciuch\u00f3w, ani duch\u00f3w &#8211; przeciwnie, okaza\u0142 si\u0119 t\u0119tni\u0107 \u017cyciem na tyle, \u017ce ci\u0119\u017cko by\u0142o sfotografowa\u0107 tramwaj bez obiekt\u00f3w towarzysz\u0105cych. Wtedy nie by\u0142em z nich zadowolony, ale dzi\u015b uwa\u017cam, \u017ce wnosz\u0105 sporo \u017cycia do tego kadru. 22.08.2007<\/p>\n<\/div>\n","protected":false},"excerpt":{"rendered":"<p>Grudzi\u0105dz, ul. Legion\u00f3w. Wbrew reklamie na tramwaju, Grudzi\u0105dz nie by\u0142 wcale miastem ciuch\u00f3w, ani duch\u00f3w &#8211; przeciwnie, okaza\u0142 si\u0119 t\u0119tni\u0107 \u017cyciem na tyle, \u017ce ci\u0119\u017cko by\u0142o sfotografowa\u0107 tramwaj bez obiekt\u00f3w towarzysz\u0105cych. Wtedy nie by\u0142em z nich zadowolony, ale dzi\u015b uwa\u017cam, \u017ce wnosz\u0105 sporo \u017cycia do tego kadru. 22.08.2007<\/p>\n","protected":false},"author":1,"featured_media":4710,"comment_status":"open","ping_status":"","sticky":false,"template":"","format":"standard","meta":{"footnotes":""},"categories":[62,96,3],"tags":[794,34,915,101,914,27],"class_list":["post-4709","post","type-post","status-publish","format-standard","has-post-thumbnail","hentry","category-analog","category-rok-2007","category-tramwaj","tag-2007-08-22","tag-architektura","tag-grudziadz","tag-gt6","tag-mzk-grudziadz","tag-polska"],"_links":{"self":[{"href":"http:\/\/wgphoto.pl\/t\/index.php?rest_route=\/wp\/v2\/posts\/4709","targetHints":{"allow":["GET"]}}],"collection":[{"href":"http:\/\/wgphoto.pl\/t\/index.php?rest_route=\/wp\/v2\/posts"}],"about":[{"href":"http:\/\/wgphoto.pl\/t\/index.php?rest_route=\/wp\/v2\/types\/post"}],"author":[{"embeddable":true,"href":"http:\/\/wgphoto.pl\/t\/index.php?rest_route=\/wp\/v2\/users\/1"}],"replies":[{"embeddable":true,"href":"http:\/\/wgphoto.pl\/t\/index.php?rest_route=%2Fwp%2Fv2%2Fcomments&post=4709"}],"version-history":[{"count":1,"href":"http:\/\/wgphoto.pl\/t\/index.php?rest_route=\/wp\/v2\/posts\/4709\/revisions"}],"predecessor-version":[{"id":4711,"href":"http:\/\/wgphoto.pl\/t\/index.php?rest_route=\/wp\/v2\/posts\/4709\/revisions\/4711"}],"wp:featuredmedia":[{"embeddable":true,"href":"http:\/\/wgphoto.pl\/t\/index.php?rest_route=\/wp\/v2\/media\/4710"}],"wp:attachment":[{"href":"http:\/\/wgphoto.pl\/t\/index.php?rest_route=%2Fwp%2Fv2%2Fmedia&parent=4709"}],"wp:term":[{"taxonomy":"category","embeddable":true,"href":"http:\/\/wgphoto.pl\/t\/index.php?rest_route=%2Fwp%2Fv2%2Fcategories&post=4709"},{"taxonomy":"post_tag","embeddable":true,"href":"http:\/\/wgphoto.pl\/t\/index.php?rest_route=%2Fwp%2Fv2%2Ftags&post=4709"}],"curies":[{"name":"wp","href":"https:\/\/api.w.org\/{rel}","templated":true}]}}