{"id":4731,"date":"2024-11-03T18:56:34","date_gmt":"2024-11-03T17:56:34","guid":{"rendered":"https:\/\/wgphoto.pl\/t\/?p=4731"},"modified":"2024-11-03T18:56:34","modified_gmt":"2024-11-03T17:56:34","slug":"barcelona-wschodu","status":"publish","type":"post","link":"http:\/\/wgphoto.pl\/t\/?p=4731","title":{"rendered":"Barcelona wschodu"},"content":{"rendered":"\n<figure class=\"wp-block-image aligncenter size-full\"><img loading=\"lazy\" decoding=\"async\" width=\"1300\" height=\"861\" src=\"https:\/\/wgphoto.pl\/t\/wp-content\/uploads\/2024\/11\/IMGP4830.jpg\" alt=\"\" class=\"wp-image-4732\" srcset=\"http:\/\/wgphoto.pl\/t\/wp-content\/uploads\/2024\/11\/IMGP4830.jpg 1300w, http:\/\/wgphoto.pl\/t\/wp-content\/uploads\/2024\/11\/IMGP4830-300x199.jpg 300w, http:\/\/wgphoto.pl\/t\/wp-content\/uploads\/2024\/11\/IMGP4830-768x509.jpg 768w\" sizes=\"auto, (max-width: 1300px) 100vw, 1300px\" \/><\/figure>\n\n\n\n<div class=\"wp-block-group has-global-padding is-layout-constrained wp-block-group-is-layout-constrained\">\n<p>Koszyce, Ju\u017en\u00e1 trieda. Wagon Pragoimex Vario LF2+ nr 840 zatrzymuje si\u0119 na przystanku <em>N\u00e1mestie oslobodite\u013eov<\/em>. W tle wida\u0107 pi\u0119kny dach katedry pw. \u015bw. El\u017cbiety. Nie znalaz\u0142em lepszego uj\u0119cia tej budowli z tramwajem. 16.08.2019<\/p>\n<\/div>\n","protected":false},"excerpt":{"rendered":"<p>Koszyce, Ju\u017en\u00e1 trieda. Wagon Pragoimex Vario LF2+ nr 840 zatrzymuje si\u0119 na przystanku N\u00e1mestie oslobodite\u013eov. W tle wida\u0107 pi\u0119kny dach katedry pw. \u015bw. El\u017cbiety. Nie znalaz\u0142em lepszego uj\u0119cia tej budowli z tramwajem. 16.08.2019<\/p>\n","protected":false},"author":1,"featured_media":4732,"comment_status":"open","ping_status":"","sticky":false,"template":"","format":"standard","meta":{"footnotes":""},"categories":[136,3],"tags":[1357,1359,1358,151,219,1168,675,1243],"class_list":["post-4731","post","type-post","status-publish","format-standard","has-post-thumbnail","hentry","category-rok-2019","category-tramwaj","tag-2019-08-16","tag-dpmk-kosice","tag-koszyce","tag-ludzie","tag-przystanek","tag-sierpniowka-2019","tag-slowacja","tag-vario-lf"],"_links":{"self":[{"href":"http:\/\/wgphoto.pl\/t\/index.php?rest_route=\/wp\/v2\/posts\/4731","targetHints":{"allow":["GET"]}}],"collection":[{"href":"http:\/\/wgphoto.pl\/t\/index.php?rest_route=\/wp\/v2\/posts"}],"about":[{"href":"http:\/\/wgphoto.pl\/t\/index.php?rest_route=\/wp\/v2\/types\/post"}],"author":[{"embeddable":true,"href":"http:\/\/wgphoto.pl\/t\/index.php?rest_route=\/wp\/v2\/users\/1"}],"replies":[{"embeddable":true,"href":"http:\/\/wgphoto.pl\/t\/index.php?rest_route=%2Fwp%2Fv2%2Fcomments&post=4731"}],"version-history":[{"count":1,"href":"http:\/\/wgphoto.pl\/t\/index.php?rest_route=\/wp\/v2\/posts\/4731\/revisions"}],"predecessor-version":[{"id":4733,"href":"http:\/\/wgphoto.pl\/t\/index.php?rest_route=\/wp\/v2\/posts\/4731\/revisions\/4733"}],"wp:featuredmedia":[{"embeddable":true,"href":"http:\/\/wgphoto.pl\/t\/index.php?rest_route=\/wp\/v2\/media\/4732"}],"wp:attachment":[{"href":"http:\/\/wgphoto.pl\/t\/index.php?rest_route=%2Fwp%2Fv2%2Fmedia&parent=4731"}],"wp:term":[{"taxonomy":"category","embeddable":true,"href":"http:\/\/wgphoto.pl\/t\/index.php?rest_route=%2Fwp%2Fv2%2Fcategories&post=4731"},{"taxonomy":"post_tag","embeddable":true,"href":"http:\/\/wgphoto.pl\/t\/index.php?rest_route=%2Fwp%2Fv2%2Ftags&post=4731"}],"curies":[{"name":"wp","href":"https:\/\/api.w.org\/{rel}","templated":true}]}}