{"id":4734,"date":"2024-11-03T18:57:34","date_gmt":"2024-11-03T17:57:34","guid":{"rendered":"https:\/\/wgphoto.pl\/t\/?p=4734"},"modified":"2024-11-03T18:57:34","modified_gmt":"2024-11-03T17:57:34","slug":"peron-3","status":"publish","type":"post","link":"http:\/\/wgphoto.pl\/t\/?p=4734","title":{"rendered":"Peron 3"},"content":{"rendered":"\n<figure class=\"wp-block-image aligncenter size-full\"><img loading=\"lazy\" decoding=\"async\" width=\"1300\" height=\"861\" src=\"https:\/\/wgphoto.pl\/t\/wp-content\/uploads\/2024\/11\/IMGP5010.jpg\" alt=\"\" class=\"wp-image-4735\" srcset=\"http:\/\/wgphoto.pl\/t\/wp-content\/uploads\/2024\/11\/IMGP5010.jpg 1300w, http:\/\/wgphoto.pl\/t\/wp-content\/uploads\/2024\/11\/IMGP5010-300x199.jpg 300w, http:\/\/wgphoto.pl\/t\/wp-content\/uploads\/2024\/11\/IMGP5010-768x509.jpg 768w\" sizes=\"auto, (max-width: 1300px) 100vw, 1300px\" \/><\/figure>\n\n\n\n<div class=\"wp-block-group has-global-padding is-layout-constrained wp-block-group-is-layout-constrained\">\n<p>Peron trzeci na dworcu g\u0142\u00f3wnym w Koszycach r\u00f3\u017cni si\u0119 od pozosta\u0142ych dw\u00f3ch wysoko\u015bci\u0105, szeroko\u015bci\u0105 i liczb\u0105 kraw\u0119dzi. Z jednego z sze\u015bciu (je\u015bli dobrze licz\u0119) tor\u00f3w le\u017c\u0105cych przy peronie 3 odjedzie jednostka serii 460 jako wieczorna osob\u00f3wka do \u010ciernej nad Tisou. 16.08.2019<\/p>\n<\/div>\n","protected":false},"excerpt":{"rendered":"<p>Peron trzeci na dworcu g\u0142\u00f3wnym w Koszycach r\u00f3\u017cni si\u0119 od pozosta\u0142ych dw\u00f3ch wysoko\u015bci\u0105, szeroko\u015bci\u0105 i liczb\u0105 kraw\u0119dzi. Z jednego z sze\u015bciu (je\u015bli dobrze licz\u0119) tor\u00f3w le\u017c\u0105cych przy peronie 3 odjedzie jednostka serii 460 jako wieczorna osob\u00f3wka do \u010ciernej nad Tisou. 16.08.2019<\/p>\n","protected":false},"author":1,"featured_media":4735,"comment_status":"open","ping_status":"","sticky":false,"template":"","format":"standard","meta":{"footnotes":""},"categories":[2,136],"tags":[1357,1398,173,1590,1358,1168,675,90,469],"class_list":["post-4734","post","type-post","status-publish","format-standard","has-post-thumbnail","hentry","category-kolej","category-rok-2019","tag-2019-08-16","tag-1398","tag-koncowki","tag-kosice","tag-koszyce","tag-sierpniowka-2019","tag-slowacja","tag-wieczorem","tag-zssk"],"_links":{"self":[{"href":"http:\/\/wgphoto.pl\/t\/index.php?rest_route=\/wp\/v2\/posts\/4734","targetHints":{"allow":["GET"]}}],"collection":[{"href":"http:\/\/wgphoto.pl\/t\/index.php?rest_route=\/wp\/v2\/posts"}],"about":[{"href":"http:\/\/wgphoto.pl\/t\/index.php?rest_route=\/wp\/v2\/types\/post"}],"author":[{"embeddable":true,"href":"http:\/\/wgphoto.pl\/t\/index.php?rest_route=\/wp\/v2\/users\/1"}],"replies":[{"embeddable":true,"href":"http:\/\/wgphoto.pl\/t\/index.php?rest_route=%2Fwp%2Fv2%2Fcomments&post=4734"}],"version-history":[{"count":1,"href":"http:\/\/wgphoto.pl\/t\/index.php?rest_route=\/wp\/v2\/posts\/4734\/revisions"}],"predecessor-version":[{"id":4736,"href":"http:\/\/wgphoto.pl\/t\/index.php?rest_route=\/wp\/v2\/posts\/4734\/revisions\/4736"}],"wp:featuredmedia":[{"embeddable":true,"href":"http:\/\/wgphoto.pl\/t\/index.php?rest_route=\/wp\/v2\/media\/4735"}],"wp:attachment":[{"href":"http:\/\/wgphoto.pl\/t\/index.php?rest_route=%2Fwp%2Fv2%2Fmedia&parent=4734"}],"wp:term":[{"taxonomy":"category","embeddable":true,"href":"http:\/\/wgphoto.pl\/t\/index.php?rest_route=%2Fwp%2Fv2%2Fcategories&post=4734"},{"taxonomy":"post_tag","embeddable":true,"href":"http:\/\/wgphoto.pl\/t\/index.php?rest_route=%2Fwp%2Fv2%2Ftags&post=4734"}],"curies":[{"name":"wp","href":"https:\/\/api.w.org\/{rel}","templated":true}]}}