{"id":4737,"date":"2024-11-03T18:58:38","date_gmt":"2024-11-03T17:58:38","guid":{"rendered":"https:\/\/wgphoto.pl\/t\/?p=4737"},"modified":"2024-11-03T18:58:38","modified_gmt":"2024-11-03T17:58:38","slug":"banska-szczawnica","status":"publish","type":"post","link":"http:\/\/wgphoto.pl\/t\/?p=4737","title":{"rendered":"Ba\u0144ska Szczawnica"},"content":{"rendered":"\n<figure class=\"wp-block-image aligncenter size-full\"><img loading=\"lazy\" decoding=\"async\" width=\"1300\" height=\"861\" src=\"https:\/\/wgphoto.pl\/t\/wp-content\/uploads\/2024\/11\/IMGP4543.jpg\" alt=\"\" class=\"wp-image-4738\" srcset=\"http:\/\/wgphoto.pl\/t\/wp-content\/uploads\/2024\/11\/IMGP4543.jpg 1300w, http:\/\/wgphoto.pl\/t\/wp-content\/uploads\/2024\/11\/IMGP4543-300x199.jpg 300w, http:\/\/wgphoto.pl\/t\/wp-content\/uploads\/2024\/11\/IMGP4543-768x509.jpg 768w\" sizes=\"auto, (max-width: 1300px) 100vw, 1300px\" \/><\/figure>\n\n\n\n<div class=\"wp-block-group has-global-padding is-layout-constrained wp-block-group-is-layout-constrained\">\n<p>Zmodernizowany motorak 812.033-3 sko\u0144czy\u0142 bieg jako poci\u0105g osobowy 6119 relacji Zvolen osobn\u00e1 stanica &#8211; Bansk\u00e1 \u0160tiavnica. Pojedynczy wagonik by\u0142 zawalony po dach, poniewa\u017c zebra\u0142 ludzi z dobrych skomunikowa\u0144 od strony \u017byliny, Koszyc i Bratys\u0142awy, ale takie zainteresowanie nie przeszkadza s\u0142owackiemu Ministerstwu Transportu (gdy\u017c to ono zamawia poci\u0105gi w ca\u0142ym kraju, tak\u017ce regionalne) planowa\u0107 na t\u0119 tras\u0119 zaledwie czterech par poci\u0105g\u00f3w dziennie (w dni wolne &#8211; trzech). 14.08.2019<\/p>\n<\/div>\n","protected":false},"excerpt":{"rendered":"<p>Zmodernizowany motorak 812.033-3 sko\u0144czy\u0142 bieg jako poci\u0105g osobowy 6119 relacji Zvolen osobn\u00e1 stanica &#8211; Bansk\u00e1 \u0160tiavnica. Pojedynczy wagonik by\u0142 zawalony po dach, poniewa\u017c zebra\u0142 ludzi z dobrych skomunikowa\u0144 od strony \u017byliny, Koszyc i Bratys\u0142awy, ale takie zainteresowanie nie przeszkadza s\u0142owackiemu Ministerstwu Transportu (gdy\u017c to ono zamawia poci\u0105gi w ca\u0142ym kraju, tak\u017ce regionalne) planowa\u0107 na t\u0119 [&hellip;]<\/p>\n","protected":false},"author":1,"featured_media":4738,"comment_status":"open","ping_status":"","sticky":false,"template":"","format":"standard","meta":{"footnotes":""},"categories":[2,136],"tags":[1908,1906,1907,151,94,1168,675,469],"class_list":["post-4737","post","type-post","status-publish","format-standard","has-post-thumbnail","hentry","category-kolej","category-rok-2019","tag-2019-08-14","tag-1906","tag-banska-stiavnica","tag-ludzie","tag-na-kolejowym-koncu-swiata","tag-sierpniowka-2019","tag-slowacja","tag-zssk"],"_links":{"self":[{"href":"http:\/\/wgphoto.pl\/t\/index.php?rest_route=\/wp\/v2\/posts\/4737","targetHints":{"allow":["GET"]}}],"collection":[{"href":"http:\/\/wgphoto.pl\/t\/index.php?rest_route=\/wp\/v2\/posts"}],"about":[{"href":"http:\/\/wgphoto.pl\/t\/index.php?rest_route=\/wp\/v2\/types\/post"}],"author":[{"embeddable":true,"href":"http:\/\/wgphoto.pl\/t\/index.php?rest_route=\/wp\/v2\/users\/1"}],"replies":[{"embeddable":true,"href":"http:\/\/wgphoto.pl\/t\/index.php?rest_route=%2Fwp%2Fv2%2Fcomments&post=4737"}],"version-history":[{"count":1,"href":"http:\/\/wgphoto.pl\/t\/index.php?rest_route=\/wp\/v2\/posts\/4737\/revisions"}],"predecessor-version":[{"id":4739,"href":"http:\/\/wgphoto.pl\/t\/index.php?rest_route=\/wp\/v2\/posts\/4737\/revisions\/4739"}],"wp:featuredmedia":[{"embeddable":true,"href":"http:\/\/wgphoto.pl\/t\/index.php?rest_route=\/wp\/v2\/media\/4738"}],"wp:attachment":[{"href":"http:\/\/wgphoto.pl\/t\/index.php?rest_route=%2Fwp%2Fv2%2Fmedia&parent=4737"}],"wp:term":[{"taxonomy":"category","embeddable":true,"href":"http:\/\/wgphoto.pl\/t\/index.php?rest_route=%2Fwp%2Fv2%2Fcategories&post=4737"},{"taxonomy":"post_tag","embeddable":true,"href":"http:\/\/wgphoto.pl\/t\/index.php?rest_route=%2Fwp%2Fv2%2Ftags&post=4737"}],"curies":[{"name":"wp","href":"https:\/\/api.w.org\/{rel}","templated":true}]}}