{"id":4740,"date":"2024-11-03T18:59:45","date_gmt":"2024-11-03T17:59:45","guid":{"rendered":"https:\/\/wgphoto.pl\/t\/?p=4740"},"modified":"2024-11-03T18:59:45","modified_gmt":"2024-11-03T17:59:45","slug":"czerwien-w-odcieniach-szarosci","status":"publish","type":"post","link":"http:\/\/wgphoto.pl\/t\/?p=4740","title":{"rendered":"Czerwie\u0144 w odcieniach szaro\u015bci"},"content":{"rendered":"\n<figure class=\"wp-block-image aligncenter size-full\"><img loading=\"lazy\" decoding=\"async\" width=\"1300\" height=\"813\" src=\"https:\/\/wgphoto.pl\/t\/wp-content\/uploads\/2024\/11\/IMGP6284.jpg\" alt=\"\" class=\"wp-image-4741\" srcset=\"http:\/\/wgphoto.pl\/t\/wp-content\/uploads\/2024\/11\/IMGP6284.jpg 1300w, http:\/\/wgphoto.pl\/t\/wp-content\/uploads\/2024\/11\/IMGP6284-300x188.jpg 300w, http:\/\/wgphoto.pl\/t\/wp-content\/uploads\/2024\/11\/IMGP6284-768x480.jpg 768w\" sizes=\"auto, (max-width: 1300px) 100vw, 1300px\" \/><\/figure>\n\n\n\n<div class=\"wp-block-group has-global-padding is-layout-constrained wp-block-group-is-layout-constrained\">\n<p>Bardotka 749.252-3 z rychlikiem 890 &#8222;\u0160umava&#8221; odje\u017cd\u017ca ze stacji Horn\u00ed Plan\u00e1 z jedynym poci\u0105giem pospiesznym, zreszt\u0105 tylko sezonowym, na linii. Sama za\u015b stacja by\u0142a jedn\u0105 z pierwszych przebudowanych wed\u0142ug nowego standardu (wysoki i szeroki peron), wyr\u00f3\u017cniaj\u0105 j\u0105 szare barierki zamiast niebieskich. \ud83d\ude09 23.08.2010<\/p>\n<\/div>\n","protected":false},"excerpt":{"rendered":"<p>Bardotka 749.252-3 z rychlikiem 890 &#8222;\u0160umava&#8221; odje\u017cd\u017ca ze stacji Horn\u00ed Plan\u00e1 z jedynym poci\u0105giem pospiesznym, zreszt\u0105 tylko sezonowym, na linii. Sama za\u015b stacja by\u0142a jedn\u0105 z pierwszych przebudowanych wed\u0142ug nowego standardu (wysoki i szeroki peron), wyr\u00f3\u017cniaj\u0105 j\u0105 szare barierki zamiast niebieskich. \ud83d\ude09 23.08.2010<\/p>\n","protected":false},"author":1,"featured_media":4741,"comment_status":"open","ping_status":"","sticky":false,"template":"","format":"standard","meta":{"footnotes":""},"categories":[2,86],"tags":[1039,1058,50,49,1909,196,389,1697],"class_list":["post-4740","post","type-post","status-publish","format-standard","has-post-thumbnail","hentry","category-kolej","category-rok-2010","tag-2010-08-23","tag-1058","tag-cd","tag-czechy","tag-horni-plana","tag-linie-raczej-lokalne","tag-mijanka","tag-tab-cz194"],"_links":{"self":[{"href":"http:\/\/wgphoto.pl\/t\/index.php?rest_route=\/wp\/v2\/posts\/4740","targetHints":{"allow":["GET"]}}],"collection":[{"href":"http:\/\/wgphoto.pl\/t\/index.php?rest_route=\/wp\/v2\/posts"}],"about":[{"href":"http:\/\/wgphoto.pl\/t\/index.php?rest_route=\/wp\/v2\/types\/post"}],"author":[{"embeddable":true,"href":"http:\/\/wgphoto.pl\/t\/index.php?rest_route=\/wp\/v2\/users\/1"}],"replies":[{"embeddable":true,"href":"http:\/\/wgphoto.pl\/t\/index.php?rest_route=%2Fwp%2Fv2%2Fcomments&post=4740"}],"version-history":[{"count":1,"href":"http:\/\/wgphoto.pl\/t\/index.php?rest_route=\/wp\/v2\/posts\/4740\/revisions"}],"predecessor-version":[{"id":4742,"href":"http:\/\/wgphoto.pl\/t\/index.php?rest_route=\/wp\/v2\/posts\/4740\/revisions\/4742"}],"wp:featuredmedia":[{"embeddable":true,"href":"http:\/\/wgphoto.pl\/t\/index.php?rest_route=\/wp\/v2\/media\/4741"}],"wp:attachment":[{"href":"http:\/\/wgphoto.pl\/t\/index.php?rest_route=%2Fwp%2Fv2%2Fmedia&parent=4740"}],"wp:term":[{"taxonomy":"category","embeddable":true,"href":"http:\/\/wgphoto.pl\/t\/index.php?rest_route=%2Fwp%2Fv2%2Fcategories&post=4740"},{"taxonomy":"post_tag","embeddable":true,"href":"http:\/\/wgphoto.pl\/t\/index.php?rest_route=%2Fwp%2Fv2%2Ftags&post=4740"}],"curies":[{"name":"wp","href":"https:\/\/api.w.org\/{rel}","templated":true}]}}