{"id":4764,"date":"2024-11-03T19:08:13","date_gmt":"2024-11-03T18:08:13","guid":{"rendered":"https:\/\/wgphoto.pl\/t\/?p=4764"},"modified":"2024-11-03T19:08:13","modified_gmt":"2024-11-03T18:08:13","slug":"dwa-poziomy","status":"publish","type":"post","link":"http:\/\/wgphoto.pl\/t\/?p=4764","title":{"rendered":"Dwa poziomy"},"content":{"rendered":"\n<figure class=\"wp-block-image aligncenter size-full\"><img loading=\"lazy\" decoding=\"async\" width=\"1300\" height=\"861\" src=\"https:\/\/wgphoto.pl\/t\/wp-content\/uploads\/2024\/11\/IMGP6452.jpg\" alt=\"\" class=\"wp-image-4765\" srcset=\"http:\/\/wgphoto.pl\/t\/wp-content\/uploads\/2024\/11\/IMGP6452.jpg 1300w, http:\/\/wgphoto.pl\/t\/wp-content\/uploads\/2024\/11\/IMGP6452-300x199.jpg 300w, http:\/\/wgphoto.pl\/t\/wp-content\/uploads\/2024\/11\/IMGP6452-768x509.jpg 768w\" sizes=\"auto, (max-width: 1300px) 100vw, 1300px\" \/><\/figure>\n\n\n\n<div class=\"wp-block-group has-global-padding is-layout-constrained wp-block-group-is-layout-constrained\">\n<p>Wagon MP046 zjecha\u0142 w\u0142a\u015bnie ze s\u0142ynnego mostu Ludwika I i rozp\u0119dza si\u0119 wje\u017cd\u017caj\u0105c w tunel, w kt\u00f3rym przejedzie pod centrum miasta. Nast\u0119pnym przystankiem b\u0119dzie post\u00f3j przy dworcu S\u00e3o Bento. Lubi\u0119 to uj\u0119cie, bo dobrze na nim wida\u0107 ulic\u0119 na g\u00f3rze i tunel pod spodem. 19.02.2018<\/p>\n<\/div>\n","protected":false},"excerpt":{"rendered":"<p>Wagon MP046 zjecha\u0142 w\u0142a\u015bnie ze s\u0142ynnego mostu Ludwika I i rozp\u0119dza si\u0119 wje\u017cd\u017caj\u0105c w tunel, w kt\u00f3rym przejedzie pod centrum miasta. Nast\u0119pnym przystankiem b\u0119dzie post\u00f3j przy dworcu S\u00e3o Bento. Lubi\u0119 to uj\u0119cie, bo dobrze na nim wida\u0107 ulic\u0119 na g\u00f3rze i tunel pod spodem. 19.02.2018<\/p>\n","protected":false},"author":1,"featured_media":4765,"comment_status":"open","ping_status":"","sticky":false,"template":"","format":"standard","meta":{"footnotes":""},"categories":[4,156,3],"tags":[1185,502,173,504,154,503,297,505,15],"class_list":["post-4764","post","type-post","status-publish","format-standard","has-post-thumbnail","hentry","category-metro","category-rok-2018","category-tramwaj","tag-2018-02-19","tag-eurotram","tag-koncowki","tag-metro-do-porto","tag-noc","tag-porto","tag-portugalia","tag-portugalia-2018","tag-tunel"],"_links":{"self":[{"href":"http:\/\/wgphoto.pl\/t\/index.php?rest_route=\/wp\/v2\/posts\/4764","targetHints":{"allow":["GET"]}}],"collection":[{"href":"http:\/\/wgphoto.pl\/t\/index.php?rest_route=\/wp\/v2\/posts"}],"about":[{"href":"http:\/\/wgphoto.pl\/t\/index.php?rest_route=\/wp\/v2\/types\/post"}],"author":[{"embeddable":true,"href":"http:\/\/wgphoto.pl\/t\/index.php?rest_route=\/wp\/v2\/users\/1"}],"replies":[{"embeddable":true,"href":"http:\/\/wgphoto.pl\/t\/index.php?rest_route=%2Fwp%2Fv2%2Fcomments&post=4764"}],"version-history":[{"count":1,"href":"http:\/\/wgphoto.pl\/t\/index.php?rest_route=\/wp\/v2\/posts\/4764\/revisions"}],"predecessor-version":[{"id":4766,"href":"http:\/\/wgphoto.pl\/t\/index.php?rest_route=\/wp\/v2\/posts\/4764\/revisions\/4766"}],"wp:featuredmedia":[{"embeddable":true,"href":"http:\/\/wgphoto.pl\/t\/index.php?rest_route=\/wp\/v2\/media\/4765"}],"wp:attachment":[{"href":"http:\/\/wgphoto.pl\/t\/index.php?rest_route=%2Fwp%2Fv2%2Fmedia&parent=4764"}],"wp:term":[{"taxonomy":"category","embeddable":true,"href":"http:\/\/wgphoto.pl\/t\/index.php?rest_route=%2Fwp%2Fv2%2Fcategories&post=4764"},{"taxonomy":"post_tag","embeddable":true,"href":"http:\/\/wgphoto.pl\/t\/index.php?rest_route=%2Fwp%2Fv2%2Ftags&post=4764"}],"curies":[{"name":"wp","href":"https:\/\/api.w.org\/{rel}","templated":true}]}}