{"id":4773,"date":"2024-11-03T19:13:28","date_gmt":"2024-11-03T18:13:28","guid":{"rendered":"https:\/\/wgphoto.pl\/t\/?p=4773"},"modified":"2024-11-03T19:13:28","modified_gmt":"2024-11-03T18:13:28","slug":"z-sasiedzka-wizyta","status":"publish","type":"post","link":"http:\/\/wgphoto.pl\/t\/?p=4773","title":{"rendered":"Z s\u0105siedzk\u0105 wizyt\u0105"},"content":{"rendered":"\n<figure class=\"wp-block-image aligncenter size-full\"><img loading=\"lazy\" decoding=\"async\" width=\"1300\" height=\"867\" src=\"https:\/\/wgphoto.pl\/t\/wp-content\/uploads\/2024\/11\/2002n-30a.jpg\" alt=\"\" class=\"wp-image-4774\" srcset=\"http:\/\/wgphoto.pl\/t\/wp-content\/uploads\/2024\/11\/2002n-30a.jpg 1300w, http:\/\/wgphoto.pl\/t\/wp-content\/uploads\/2024\/11\/2002n-30a-300x200.jpg 300w, http:\/\/wgphoto.pl\/t\/wp-content\/uploads\/2024\/11\/2002n-30a-768x512.jpg 768w\" sizes=\"auto, (max-width: 1300px) 100vw, 1300px\" \/><\/figure>\n\n\n\n<div class=\"wp-block-group has-global-padding is-layout-constrained wp-block-group-is-layout-constrained\">\n<p>SU46-043 z IR 455 relacji Dresden Hbf. &#8211; Wroc\u0142aw G\u0142\u00f3wny i sk\u0142ad niemiecki jako RB do Drezna stoj\u0105 przy peronach stacji G\u00f6rlitz. 27.06.2002<\/p>\n<\/div>\n","protected":false},"excerpt":{"rendered":"<p>SU46-043 z IR 455 relacji Dresden Hbf. &#8211; Wroc\u0142aw G\u0142\u00f3wny i sk\u0142ad niemiecki jako RB do Drezna stoj\u0105 przy peronach stacji G\u00f6rlitz. 27.06.2002<\/p>\n","protected":false},"author":1,"featured_media":4774,"comment_status":"open","ping_status":"","sticky":false,"template":"","format":"standard","meta":{"footnotes":""},"categories":[62,2,577],"tags":[1322,206,31,249,179,173,23,63,84,233,1869],"class_list":["post-4773","post","type-post","status-publish","format-standard","has-post-thumbnail","hentry","category-analog","category-kolej","category-rok-2002","tag-2002-06-27","tag-db","tag-gorlitz","tag-goscinne-wystepy","tag-hala-peronowa","tag-koncowki","tag-niemcy","tag-pkp","tag-su46","tag-tab-pl260","tag-wagon-sterowniczy"],"_links":{"self":[{"href":"http:\/\/wgphoto.pl\/t\/index.php?rest_route=\/wp\/v2\/posts\/4773","targetHints":{"allow":["GET"]}}],"collection":[{"href":"http:\/\/wgphoto.pl\/t\/index.php?rest_route=\/wp\/v2\/posts"}],"about":[{"href":"http:\/\/wgphoto.pl\/t\/index.php?rest_route=\/wp\/v2\/types\/post"}],"author":[{"embeddable":true,"href":"http:\/\/wgphoto.pl\/t\/index.php?rest_route=\/wp\/v2\/users\/1"}],"replies":[{"embeddable":true,"href":"http:\/\/wgphoto.pl\/t\/index.php?rest_route=%2Fwp%2Fv2%2Fcomments&post=4773"}],"version-history":[{"count":1,"href":"http:\/\/wgphoto.pl\/t\/index.php?rest_route=\/wp\/v2\/posts\/4773\/revisions"}],"predecessor-version":[{"id":4775,"href":"http:\/\/wgphoto.pl\/t\/index.php?rest_route=\/wp\/v2\/posts\/4773\/revisions\/4775"}],"wp:featuredmedia":[{"embeddable":true,"href":"http:\/\/wgphoto.pl\/t\/index.php?rest_route=\/wp\/v2\/media\/4774"}],"wp:attachment":[{"href":"http:\/\/wgphoto.pl\/t\/index.php?rest_route=%2Fwp%2Fv2%2Fmedia&parent=4773"}],"wp:term":[{"taxonomy":"category","embeddable":true,"href":"http:\/\/wgphoto.pl\/t\/index.php?rest_route=%2Fwp%2Fv2%2Fcategories&post=4773"},{"taxonomy":"post_tag","embeddable":true,"href":"http:\/\/wgphoto.pl\/t\/index.php?rest_route=%2Fwp%2Fv2%2Ftags&post=4773"}],"curies":[{"name":"wp","href":"https:\/\/api.w.org\/{rel}","templated":true}]}}