{"id":4776,"date":"2024-11-03T19:14:34","date_gmt":"2024-11-03T18:14:34","guid":{"rendered":"https:\/\/wgphoto.pl\/t\/?p=4776"},"modified":"2026-03-01T22:02:48","modified_gmt":"2026-03-01T21:02:48","slug":"motorak-na-skraju-miasta","status":"publish","type":"post","link":"http:\/\/wgphoto.pl\/t\/?p=4776","title":{"rendered":"Motorak na skraju miasta"},"content":{"rendered":"\n<figure class=\"wp-block-image aligncenter size-full\"><img loading=\"lazy\" decoding=\"async\" width=\"1300\" height=\"731\" src=\"https:\/\/wgphoto.pl\/t\/wp-content\/uploads\/2024\/11\/IMGP4241-Pano.jpg\" alt=\"\" class=\"wp-image-4777\" srcset=\"http:\/\/wgphoto.pl\/t\/wp-content\/uploads\/2024\/11\/IMGP4241-Pano.jpg 1300w, http:\/\/wgphoto.pl\/t\/wp-content\/uploads\/2024\/11\/IMGP4241-Pano-300x169.jpg 300w, http:\/\/wgphoto.pl\/t\/wp-content\/uploads\/2024\/11\/IMGP4241-Pano-768x432.jpg 768w\" sizes=\"auto, (max-width: 1300px) 100vw, 1300px\" \/><\/figure>\n\n\n\n<div class=\"wp-block-group has-global-padding is-layout-constrained wp-block-group-is-layout-constrained\">\n<p>809.345-2 jako Os 20323 z Velvar do Kralup nad Vltavou odje\u017cd\u017ca z w\u0119z\u0142owej stacji Kralupy nad Vltavou-p\u0159edm\u011bst\u00ed, gdzie lokalka z Velvar \u0142\u0105czy si\u0119 z lini\u0105 z Loun. 27.09.2011<\/p>\n<\/div>\n","protected":false},"excerpt":{"rendered":"<p>809.345-2 jako Os 20323 z Velvar do Kralup nad Vltavou odje\u017cd\u017ca z w\u0119z\u0142owej stacji Kralupy nad Vltavou-p\u0159edm\u011bst\u00ed, gdzie lokalka z Velvar \u0142\u0105czy si\u0119 z lini\u0105 z Loun. 27.09.2011<\/p>\n","protected":false},"author":1,"featured_media":4777,"comment_status":"open","ping_status":"","sticky":false,"template":"","format":"standard","meta":{"footnotes":""},"categories":[2,77],"tags":[1230,1229,49,173,1916,196,1228],"class_list":["post-4776","post","type-post","status-publish","format-standard","has-post-thumbnail","hentry","category-kolej","category-rok-2011","tag-2011-09-27","tag-1229","tag-czechy","tag-koncowki","tag-kralupy-nad-vltavou-predmesti","tag-linie-raczej-lokalne","tag-tab-cz111"],"_links":{"self":[{"href":"http:\/\/wgphoto.pl\/t\/index.php?rest_route=\/wp\/v2\/posts\/4776","targetHints":{"allow":["GET"]}}],"collection":[{"href":"http:\/\/wgphoto.pl\/t\/index.php?rest_route=\/wp\/v2\/posts"}],"about":[{"href":"http:\/\/wgphoto.pl\/t\/index.php?rest_route=\/wp\/v2\/types\/post"}],"author":[{"embeddable":true,"href":"http:\/\/wgphoto.pl\/t\/index.php?rest_route=\/wp\/v2\/users\/1"}],"replies":[{"embeddable":true,"href":"http:\/\/wgphoto.pl\/t\/index.php?rest_route=%2Fwp%2Fv2%2Fcomments&post=4776"}],"version-history":[{"count":2,"href":"http:\/\/wgphoto.pl\/t\/index.php?rest_route=\/wp\/v2\/posts\/4776\/revisions"}],"predecessor-version":[{"id":23170,"href":"http:\/\/wgphoto.pl\/t\/index.php?rest_route=\/wp\/v2\/posts\/4776\/revisions\/23170"}],"wp:featuredmedia":[{"embeddable":true,"href":"http:\/\/wgphoto.pl\/t\/index.php?rest_route=\/wp\/v2\/media\/4777"}],"wp:attachment":[{"href":"http:\/\/wgphoto.pl\/t\/index.php?rest_route=%2Fwp%2Fv2%2Fmedia&parent=4776"}],"wp:term":[{"taxonomy":"category","embeddable":true,"href":"http:\/\/wgphoto.pl\/t\/index.php?rest_route=%2Fwp%2Fv2%2Fcategories&post=4776"},{"taxonomy":"post_tag","embeddable":true,"href":"http:\/\/wgphoto.pl\/t\/index.php?rest_route=%2Fwp%2Fv2%2Ftags&post=4776"}],"curies":[{"name":"wp","href":"https:\/\/api.w.org\/{rel}","templated":true}]}}