{"id":4779,"date":"2024-11-03T19:15:53","date_gmt":"2024-11-03T18:15:53","guid":{"rendered":"https:\/\/wgphoto.pl\/t\/?p=4779"},"modified":"2024-11-03T19:15:53","modified_gmt":"2024-11-03T18:15:53","slug":"podwojny-wiadukt","status":"publish","type":"post","link":"http:\/\/wgphoto.pl\/t\/?p=4779","title":{"rendered":"Podw\u00f3jny wiadukt"},"content":{"rendered":"\n<figure class=\"wp-block-image aligncenter size-full\"><img loading=\"lazy\" decoding=\"async\" width=\"1300\" height=\"870\" src=\"https:\/\/wgphoto.pl\/t\/wp-content\/uploads\/2024\/11\/IMGP4514.jpg\" alt=\"\" class=\"wp-image-4780\" srcset=\"http:\/\/wgphoto.pl\/t\/wp-content\/uploads\/2024\/11\/IMGP4514.jpg 1300w, http:\/\/wgphoto.pl\/t\/wp-content\/uploads\/2024\/11\/IMGP4514-300x201.jpg 300w, http:\/\/wgphoto.pl\/t\/wp-content\/uploads\/2024\/11\/IMGP4514-768x514.jpg 768w\" sizes=\"auto, (max-width: 1300px) 100vw, 1300px\" \/><\/figure>\n\n\n\n<div class=\"wp-block-group has-global-padding is-layout-constrained wp-block-group-is-layout-constrained\">\n<p>854.207-8 z poci\u0105giem przyspieszonym 1790 z Pardubic hl.n. do Trutnova hl.n. mija wiadukt nad lini\u0105 kolejow\u0105 do Teplic nad Metuj\u00ed w Trutnov\u011b-Po\u0159\u00ed\u010d\u00ed. 29.06.2013<\/p>\n<\/div>\n","protected":false},"excerpt":{"rendered":"<p>854.207-8 z poci\u0105giem przyspieszonym 1790 z Pardubic hl.n. do Trutnova hl.n. mija wiadukt nad lini\u0105 kolejow\u0105 do Teplic nad Metuj\u00ed w Trutnov\u011b-Po\u0159\u00ed\u010d\u00ed. 29.06.2013<\/p>\n","protected":false},"author":1,"featured_media":4780,"comment_status":"open","ping_status":"","sticky":false,"template":"","format":"standard","meta":{"footnotes":""},"categories":[2,55],"tags":[1919,552,50,49,230,45,1917,1918],"class_list":["post-4779","post","type-post","status-publish","format-standard","has-post-thumbnail","hentry","category-kolej","category-rok-2013","tag-2013-06-29","tag-552","tag-cd","tag-czechy","tag-infrastruktura","tag-most","tag-tab-cz032","tag-trutnov-porici"],"_links":{"self":[{"href":"http:\/\/wgphoto.pl\/t\/index.php?rest_route=\/wp\/v2\/posts\/4779","targetHints":{"allow":["GET"]}}],"collection":[{"href":"http:\/\/wgphoto.pl\/t\/index.php?rest_route=\/wp\/v2\/posts"}],"about":[{"href":"http:\/\/wgphoto.pl\/t\/index.php?rest_route=\/wp\/v2\/types\/post"}],"author":[{"embeddable":true,"href":"http:\/\/wgphoto.pl\/t\/index.php?rest_route=\/wp\/v2\/users\/1"}],"replies":[{"embeddable":true,"href":"http:\/\/wgphoto.pl\/t\/index.php?rest_route=%2Fwp%2Fv2%2Fcomments&post=4779"}],"version-history":[{"count":1,"href":"http:\/\/wgphoto.pl\/t\/index.php?rest_route=\/wp\/v2\/posts\/4779\/revisions"}],"predecessor-version":[{"id":4781,"href":"http:\/\/wgphoto.pl\/t\/index.php?rest_route=\/wp\/v2\/posts\/4779\/revisions\/4781"}],"wp:featuredmedia":[{"embeddable":true,"href":"http:\/\/wgphoto.pl\/t\/index.php?rest_route=\/wp\/v2\/media\/4780"}],"wp:attachment":[{"href":"http:\/\/wgphoto.pl\/t\/index.php?rest_route=%2Fwp%2Fv2%2Fmedia&parent=4779"}],"wp:term":[{"taxonomy":"category","embeddable":true,"href":"http:\/\/wgphoto.pl\/t\/index.php?rest_route=%2Fwp%2Fv2%2Fcategories&post=4779"},{"taxonomy":"post_tag","embeddable":true,"href":"http:\/\/wgphoto.pl\/t\/index.php?rest_route=%2Fwp%2Fv2%2Ftags&post=4779"}],"curies":[{"name":"wp","href":"https:\/\/api.w.org\/{rel}","templated":true}]}}