{"id":4785,"date":"2024-11-03T19:17:51","date_gmt":"2024-11-03T18:17:51","guid":{"rendered":"https:\/\/wgphoto.pl\/t\/?p=4785"},"modified":"2024-11-03T19:17:51","modified_gmt":"2024-11-03T18:17:51","slug":"hills-tramcar-tour","status":"publish","type":"post","link":"http:\/\/wgphoto.pl\/t\/?p=4785","title":{"rendered":"Hills tramcar tour"},"content":{"rendered":"\n<figure class=\"wp-block-image aligncenter size-full\"><img loading=\"lazy\" decoding=\"async\" width=\"1300\" height=\"861\" src=\"https:\/\/wgphoto.pl\/t\/wp-content\/uploads\/2024\/11\/IMGP6144.jpg\" alt=\"\" class=\"wp-image-4786\" srcset=\"http:\/\/wgphoto.pl\/t\/wp-content\/uploads\/2024\/11\/IMGP6144.jpg 1300w, http:\/\/wgphoto.pl\/t\/wp-content\/uploads\/2024\/11\/IMGP6144-300x199.jpg 300w, http:\/\/wgphoto.pl\/t\/wp-content\/uploads\/2024\/11\/IMGP6144-768x509.jpg 768w\" sizes=\"auto, (max-width: 1300px) 100vw, 1300px\" \/><\/figure>\n\n\n\n<div class=\"wp-block-group has-global-padding is-layout-constrained wp-block-group-is-layout-constrained\">\n<p>Lizbona, Cal\u00e7ada da Estrela. Turystyczny wagon nr 8 jad\u0105c ostro pod g\u00f3r\u0119 mija budynek Zgromadzenia Republiki (portugalskiego parlamentu). Czerwone tramwaje, w odr\u00f3\u017cnieniu od \u017c\u00f3\u0142tych &#8211; liniowych, s\u0105 skierowane do turyst\u00f3w i za cen\u0119 kilkukrotnie wi\u0119ksz\u0105 od zwyk\u0142ego biletu przemierzaj\u0105 dok\u0142\u0105dnie te same trasy. Jedynym plusem jest chyba jaki\u015b komentarz przewodnika. 18.02.2018<\/p>\n<\/div>\n","protected":false},"excerpt":{"rendered":"<p>Lizbona, Cal\u00e7ada da Estrela. Turystyczny wagon nr 8 jad\u0105c ostro pod g\u00f3r\u0119 mija budynek Zgromadzenia Republiki (portugalskiego parlamentu). Czerwone tramwaje, w odr\u00f3\u017cnieniu od \u017c\u00f3\u0142tych &#8211; liniowych, s\u0105 skierowane do turyst\u00f3w i za cen\u0119 kilkukrotnie wi\u0119ksz\u0105 od zwyk\u0142ego biletu przemierzaj\u0105 dok\u0142\u0105dnie te same trasy. Jedynym plusem jest chyba jaki\u015b komentarz przewodnika. 18.02.2018<\/p>\n","protected":false},"author":1,"featured_media":4786,"comment_status":"open","ping_status":"","sticky":false,"template":"","format":"standard","meta":{"footnotes":""},"categories":[156,3],"tags":[1920,34,299,298,118,297,588],"class_list":["post-4785","post","type-post","status-publish","format-standard","has-post-thumbnail","hentry","category-rok-2018","category-tramwaj","tag-2018-02-18","tag-architektura","tag-carris-lisboa","tag-lizbona","tag-plany-i-profile","tag-portugalia","tag-remodelado"],"_links":{"self":[{"href":"http:\/\/wgphoto.pl\/t\/index.php?rest_route=\/wp\/v2\/posts\/4785","targetHints":{"allow":["GET"]}}],"collection":[{"href":"http:\/\/wgphoto.pl\/t\/index.php?rest_route=\/wp\/v2\/posts"}],"about":[{"href":"http:\/\/wgphoto.pl\/t\/index.php?rest_route=\/wp\/v2\/types\/post"}],"author":[{"embeddable":true,"href":"http:\/\/wgphoto.pl\/t\/index.php?rest_route=\/wp\/v2\/users\/1"}],"replies":[{"embeddable":true,"href":"http:\/\/wgphoto.pl\/t\/index.php?rest_route=%2Fwp%2Fv2%2Fcomments&post=4785"}],"version-history":[{"count":1,"href":"http:\/\/wgphoto.pl\/t\/index.php?rest_route=\/wp\/v2\/posts\/4785\/revisions"}],"predecessor-version":[{"id":4787,"href":"http:\/\/wgphoto.pl\/t\/index.php?rest_route=\/wp\/v2\/posts\/4785\/revisions\/4787"}],"wp:featuredmedia":[{"embeddable":true,"href":"http:\/\/wgphoto.pl\/t\/index.php?rest_route=\/wp\/v2\/media\/4786"}],"wp:attachment":[{"href":"http:\/\/wgphoto.pl\/t\/index.php?rest_route=%2Fwp%2Fv2%2Fmedia&parent=4785"}],"wp:term":[{"taxonomy":"category","embeddable":true,"href":"http:\/\/wgphoto.pl\/t\/index.php?rest_route=%2Fwp%2Fv2%2Fcategories&post=4785"},{"taxonomy":"post_tag","embeddable":true,"href":"http:\/\/wgphoto.pl\/t\/index.php?rest_route=%2Fwp%2Fv2%2Ftags&post=4785"}],"curies":[{"name":"wp","href":"https:\/\/api.w.org\/{rel}","templated":true}]}}