{"id":4788,"date":"2024-11-03T19:18:48","date_gmt":"2024-11-03T18:18:48","guid":{"rendered":"https:\/\/wgphoto.pl\/t\/?p=4788"},"modified":"2024-11-03T19:18:48","modified_gmt":"2024-11-03T18:18:48","slug":"tunelowe-pamiatki","status":"publish","type":"post","link":"http:\/\/wgphoto.pl\/t\/?p=4788","title":{"rendered":"Tunelowe pami\u0105tki"},"content":{"rendered":"\n<figure class=\"wp-block-image aligncenter size-full\"><img loading=\"lazy\" decoding=\"async\" width=\"750\" height=\"1000\" src=\"https:\/\/wgphoto.pl\/t\/wp-content\/uploads\/2024\/11\/0515-25.jpg\" alt=\"\" class=\"wp-image-4789\" srcset=\"http:\/\/wgphoto.pl\/t\/wp-content\/uploads\/2024\/11\/0515-25.jpg 750w, http:\/\/wgphoto.pl\/t\/wp-content\/uploads\/2024\/11\/0515-25-225x300.jpg 225w\" sizes=\"auto, (max-width: 750px) 100vw, 750px\" \/><\/figure>\n\n\n\n<div class=\"wp-block-group has-global-padding is-layout-constrained wp-block-group-is-layout-constrained\">\n<p>ST43-322 (oraz ST43-356 na popychu) jad\u0105 z pr\u00f3\u017cnym wahad\u0142em z Wa\u0142brzycha do Bartnicy. Lokomotywa prowadz\u0105ca w\u0142a\u015bnie wyje\u017cd\u017ca z najkr\u00f3tszego spo\u015br\u00f3d trzech tuneli na trasie (370 m). Jak g\u0142osi niemiecka tablica umieszczona w portalu, tunel ten wykuto pod Sejdakiem ko\u0142o G\u0142uszycy w latach 1876 &#8211; 1879, natomiast pomi\u0119dzy rokiem 1936 a 1938 dokonano jego remontu. 16.07.2005<\/p>\n<\/div>\n","protected":false},"excerpt":{"rendered":"<p>ST43-322 (oraz ST43-356 na popychu) jad\u0105 z pr\u00f3\u017cnym wahad\u0142em z Wa\u0142brzycha do Bartnicy. Lokomotywa prowadz\u0105ca w\u0142a\u015bnie wyje\u017cd\u017ca z najkr\u00f3tszego spo\u015br\u00f3d trzech tuneli na trasie (370 m). Jak g\u0142osi niemiecka tablica umieszczona w portalu, tunel ten wykuto pod Sejdakiem ko\u0142o G\u0142uszycy w latach 1876 &#8211; 1879, natomiast pomi\u0119dzy rokiem 1936 a 1938 dokonano jego remontu. 16.07.2005<\/p>\n","protected":false},"author":1,"featured_media":4789,"comment_status":"open","ping_status":"","sticky":false,"template":"","format":"standard","meta":{"footnotes":""},"categories":[62,2,128,311],"tags":[1421,1922,1921,32,27,64,391,15],"class_list":["post-4788","post","type-post","status-publish","format-standard","has-post-thumbnail","hentry","category-analog","category-kolej","category-pionowe","category-rok-2005","tag-2005-07-16","tag-gluszyca","tag-jedlina-zdroj","tag-pionowe","tag-polska","tag-st43","tag-tab-pl245","tag-tunel"],"_links":{"self":[{"href":"http:\/\/wgphoto.pl\/t\/index.php?rest_route=\/wp\/v2\/posts\/4788","targetHints":{"allow":["GET"]}}],"collection":[{"href":"http:\/\/wgphoto.pl\/t\/index.php?rest_route=\/wp\/v2\/posts"}],"about":[{"href":"http:\/\/wgphoto.pl\/t\/index.php?rest_route=\/wp\/v2\/types\/post"}],"author":[{"embeddable":true,"href":"http:\/\/wgphoto.pl\/t\/index.php?rest_route=\/wp\/v2\/users\/1"}],"replies":[{"embeddable":true,"href":"http:\/\/wgphoto.pl\/t\/index.php?rest_route=%2Fwp%2Fv2%2Fcomments&post=4788"}],"version-history":[{"count":1,"href":"http:\/\/wgphoto.pl\/t\/index.php?rest_route=\/wp\/v2\/posts\/4788\/revisions"}],"predecessor-version":[{"id":4790,"href":"http:\/\/wgphoto.pl\/t\/index.php?rest_route=\/wp\/v2\/posts\/4788\/revisions\/4790"}],"wp:featuredmedia":[{"embeddable":true,"href":"http:\/\/wgphoto.pl\/t\/index.php?rest_route=\/wp\/v2\/media\/4789"}],"wp:attachment":[{"href":"http:\/\/wgphoto.pl\/t\/index.php?rest_route=%2Fwp%2Fv2%2Fmedia&parent=4788"}],"wp:term":[{"taxonomy":"category","embeddable":true,"href":"http:\/\/wgphoto.pl\/t\/index.php?rest_route=%2Fwp%2Fv2%2Fcategories&post=4788"},{"taxonomy":"post_tag","embeddable":true,"href":"http:\/\/wgphoto.pl\/t\/index.php?rest_route=%2Fwp%2Fv2%2Ftags&post=4788"}],"curies":[{"name":"wp","href":"https:\/\/api.w.org\/{rel}","templated":true}]}}