{"id":4803,"date":"2024-11-04T17:00:19","date_gmt":"2024-11-04T16:00:19","guid":{"rendered":"https:\/\/wgphoto.pl\/t\/?p=4803"},"modified":"2024-11-04T17:00:19","modified_gmt":"2024-11-04T16:00:19","slug":"o-spojnosci-barw","status":"publish","type":"post","link":"http:\/\/wgphoto.pl\/t\/?p=4803","title":{"rendered":"O sp\u00f3jno\u015bci barw"},"content":{"rendered":"\n<figure class=\"wp-block-image aligncenter size-full\"><img loading=\"lazy\" decoding=\"async\" width=\"1300\" height=\"867\" src=\"https:\/\/wgphoto.pl\/t\/wp-content\/uploads\/2024\/11\/0418-33.jpg\" alt=\"\" class=\"wp-image-4804\" srcset=\"http:\/\/wgphoto.pl\/t\/wp-content\/uploads\/2024\/11\/0418-33.jpg 1300w, http:\/\/wgphoto.pl\/t\/wp-content\/uploads\/2024\/11\/0418-33-300x200.jpg 300w, http:\/\/wgphoto.pl\/t\/wp-content\/uploads\/2024\/11\/0418-33-768x512.jpg 768w\" sizes=\"auto, (max-width: 1300px) 100vw, 1300px\" \/><\/figure>\n\n\n\n<div class=\"wp-block-group has-global-padding is-layout-constrained wp-block-group-is-layout-constrained\">\n<p>Krak\u00f3w, al. 3 Maja. Ex-norymberski wagon GT6 #179 zbli\u017ca si\u0119 do p\u0119tli Cichy K\u0105cik. Takie pi\u0119kne, wsp\u00f3\u0142czesne &#8222;zielone torowisko&#8221; w roku 2004 robi\u0142o wra\u017cenie. Warto r\u00f3wnie\u017c zwr\u00f3ci\u0107 uwag\u0119 na ciemnozielone s\u0142upy i ogrodzenie, wsp\u00f3\u0142graj\u0105ce kolorystycznie z otoczeniem. 02.08.2004<\/p>\n<\/div>\n","protected":false},"excerpt":{"rendered":"<p>Krak\u00f3w, al. 3 Maja. Ex-norymberski wagon GT6 #179 zbli\u017ca si\u0119 do p\u0119tli Cichy K\u0105cik. Takie pi\u0119kne, wsp\u00f3\u0142czesne &#8222;zielone torowisko&#8221; w roku 2004 robi\u0142o wra\u017cenie. Warto r\u00f3wnie\u017c zwr\u00f3ci\u0107 uwag\u0119 na ciemnozielone s\u0142upy i ogrodzenie, wsp\u00f3\u0142graj\u0105ce kolorystycznie z otoczeniem. 02.08.2004<\/p>\n","protected":false},"author":1,"featured_media":4804,"comment_status":"open","ping_status":"","sticky":false,"template":"","format":"standard","meta":{"footnotes":""},"categories":[62,61,3],"tags":[1462,101,664,663,27],"class_list":["post-4803","post","type-post","status-publish","format-standard","has-post-thumbnail","hentry","category-analog","category-rok-2004","category-tramwaj","tag-2004-08-02","tag-gt6","tag-krakow","tag-mpk-krakow","tag-polska"],"_links":{"self":[{"href":"http:\/\/wgphoto.pl\/t\/index.php?rest_route=\/wp\/v2\/posts\/4803","targetHints":{"allow":["GET"]}}],"collection":[{"href":"http:\/\/wgphoto.pl\/t\/index.php?rest_route=\/wp\/v2\/posts"}],"about":[{"href":"http:\/\/wgphoto.pl\/t\/index.php?rest_route=\/wp\/v2\/types\/post"}],"author":[{"embeddable":true,"href":"http:\/\/wgphoto.pl\/t\/index.php?rest_route=\/wp\/v2\/users\/1"}],"replies":[{"embeddable":true,"href":"http:\/\/wgphoto.pl\/t\/index.php?rest_route=%2Fwp%2Fv2%2Fcomments&post=4803"}],"version-history":[{"count":1,"href":"http:\/\/wgphoto.pl\/t\/index.php?rest_route=\/wp\/v2\/posts\/4803\/revisions"}],"predecessor-version":[{"id":4805,"href":"http:\/\/wgphoto.pl\/t\/index.php?rest_route=\/wp\/v2\/posts\/4803\/revisions\/4805"}],"wp:featuredmedia":[{"embeddable":true,"href":"http:\/\/wgphoto.pl\/t\/index.php?rest_route=\/wp\/v2\/media\/4804"}],"wp:attachment":[{"href":"http:\/\/wgphoto.pl\/t\/index.php?rest_route=%2Fwp%2Fv2%2Fmedia&parent=4803"}],"wp:term":[{"taxonomy":"category","embeddable":true,"href":"http:\/\/wgphoto.pl\/t\/index.php?rest_route=%2Fwp%2Fv2%2Fcategories&post=4803"},{"taxonomy":"post_tag","embeddable":true,"href":"http:\/\/wgphoto.pl\/t\/index.php?rest_route=%2Fwp%2Fv2%2Ftags&post=4803"}],"curies":[{"name":"wp","href":"https:\/\/api.w.org\/{rel}","templated":true}]}}