{"id":4819,"date":"2024-11-04T17:14:10","date_gmt":"2024-11-04T16:14:10","guid":{"rendered":"https:\/\/wgphoto.pl\/t\/?p=4819"},"modified":"2024-11-04T17:14:10","modified_gmt":"2024-11-04T16:14:10","slug":"zuzka-w-kyjovie","status":"publish","type":"post","link":"http:\/\/wgphoto.pl\/t\/?p=4819","title":{"rendered":"Zuzka w Kyjovie"},"content":{"rendered":"\n<figure class=\"wp-block-image aligncenter size-full\"><img loading=\"lazy\" decoding=\"async\" width=\"1300\" height=\"870\" src=\"https:\/\/wgphoto.pl\/t\/wp-content\/uploads\/2024\/11\/IMGP7456.jpg\" alt=\"\" class=\"wp-image-4820\" srcset=\"http:\/\/wgphoto.pl\/t\/wp-content\/uploads\/2024\/11\/IMGP7456.jpg 1300w, http:\/\/wgphoto.pl\/t\/wp-content\/uploads\/2024\/11\/IMGP7456-300x201.jpg 300w, http:\/\/wgphoto.pl\/t\/wp-content\/uploads\/2024\/11\/IMGP7456-768x514.jpg 768w\" sizes=\"auto, (max-width: 1300px) 100vw, 1300px\" \/><\/figure>\n\n\n\n<div class=\"wp-block-group has-global-padding is-layout-constrained wp-block-group-is-layout-constrained\">\n<p>Linia z Brna do Vesel\u00ed nad Moravou jest jedyn\u0105 niezelektryfikowan\u0105 dwutorow\u0105 tras\u0105 na terenie Czech. Dodatkowo na wielu stacjach w\u00f3wczas funkcjonowa\u0142y semafory kszta\u0142towe, dlatego te\u017c niekt\u00f3rzy nazywaj\u0105 t\u0119 lini\u0119 &#8222;czesk\u0105 podsudeck\u0105&#8221;. Na stacj\u0119 Kyjov wje\u017cd\u017ca przyspieszony poci\u0105g 1734 relacji Bojkovice &#8211; Brno hl.n., prowadzony wagonem motorowym 854.012-2 o imieniu Zuzka. Na wprost prowadzi nieczynna linia do Hodon\u00edna. Brakuje jej w siatce po\u0142\u0105cze\u0144 tego rejonu, ale nie wiem dlaczego nie jest tam prowadzony ruch. Na pocieszenie w ramach zwi\u0105zku komunikacyjnego IDS JMK na wsp\u00f3lnym bilecie mo\u017cna korzysta\u0107 r\u00f3wnie\u017c z licznych autobus\u00f3w. 20.07.2009<\/p>\n<\/div>\n","protected":false},"excerpt":{"rendered":"<p>Linia z Brna do Vesel\u00ed nad Moravou jest jedyn\u0105 niezelektryfikowan\u0105 dwutorow\u0105 tras\u0105 na terenie Czech. Dodatkowo na wielu stacjach w\u00f3wczas funkcjonowa\u0142y semafory kszta\u0142towe, dlatego te\u017c niekt\u00f3rzy nazywaj\u0105 t\u0119 lini\u0119 &#8222;czesk\u0105 podsudeck\u0105&#8221;. Na stacj\u0119 Kyjov wje\u017cd\u017ca przyspieszony poci\u0105g 1734 relacji Bojkovice &#8211; Brno hl.n., prowadzony wagonem motorowym 854.012-2 o imieniu Zuzka. Na wprost prowadzi nieczynna linia [&hellip;]<\/p>\n","protected":false},"author":1,"featured_media":4820,"comment_status":"open","ping_status":"","sticky":false,"template":"","format":"standard","meta":{"footnotes":""},"categories":[2,169],"tags":[337,552,50,49,334,53,336],"class_list":["post-4819","post","type-post","status-publish","format-standard","has-post-thumbnail","hentry","category-kolej","category-rok-2009","tag-2009-07-20","tag-552","tag-cd","tag-czechy","tag-kyjov","tag-sygnalizacja-ksztaltowa","tag-tab-cz340"],"_links":{"self":[{"href":"http:\/\/wgphoto.pl\/t\/index.php?rest_route=\/wp\/v2\/posts\/4819","targetHints":{"allow":["GET"]}}],"collection":[{"href":"http:\/\/wgphoto.pl\/t\/index.php?rest_route=\/wp\/v2\/posts"}],"about":[{"href":"http:\/\/wgphoto.pl\/t\/index.php?rest_route=\/wp\/v2\/types\/post"}],"author":[{"embeddable":true,"href":"http:\/\/wgphoto.pl\/t\/index.php?rest_route=\/wp\/v2\/users\/1"}],"replies":[{"embeddable":true,"href":"http:\/\/wgphoto.pl\/t\/index.php?rest_route=%2Fwp%2Fv2%2Fcomments&post=4819"}],"version-history":[{"count":1,"href":"http:\/\/wgphoto.pl\/t\/index.php?rest_route=\/wp\/v2\/posts\/4819\/revisions"}],"predecessor-version":[{"id":4821,"href":"http:\/\/wgphoto.pl\/t\/index.php?rest_route=\/wp\/v2\/posts\/4819\/revisions\/4821"}],"wp:featuredmedia":[{"embeddable":true,"href":"http:\/\/wgphoto.pl\/t\/index.php?rest_route=\/wp\/v2\/media\/4820"}],"wp:attachment":[{"href":"http:\/\/wgphoto.pl\/t\/index.php?rest_route=%2Fwp%2Fv2%2Fmedia&parent=4819"}],"wp:term":[{"taxonomy":"category","embeddable":true,"href":"http:\/\/wgphoto.pl\/t\/index.php?rest_route=%2Fwp%2Fv2%2Fcategories&post=4819"},{"taxonomy":"post_tag","embeddable":true,"href":"http:\/\/wgphoto.pl\/t\/index.php?rest_route=%2Fwp%2Fv2%2Ftags&post=4819"}],"curies":[{"name":"wp","href":"https:\/\/api.w.org\/{rel}","templated":true}]}}