{"id":4851,"date":"2024-11-05T18:00:13","date_gmt":"2024-11-05T17:00:13","guid":{"rendered":"https:\/\/wgphoto.pl\/t\/?p=4851"},"modified":"2024-11-05T18:00:13","modified_gmt":"2024-11-05T17:00:13","slug":"wystawa-lokomotyw","status":"publish","type":"post","link":"http:\/\/wgphoto.pl\/t\/?p=4851","title":{"rendered":"Wystawa lokomotyw"},"content":{"rendered":"\n<figure class=\"wp-block-image aligncenter size-full\"><img loading=\"lazy\" decoding=\"async\" width=\"1300\" height=\"861\" src=\"https:\/\/wgphoto.pl\/t\/wp-content\/uploads\/2024\/11\/IMGP9967.jpg\" alt=\"\" class=\"wp-image-4852\" srcset=\"http:\/\/wgphoto.pl\/t\/wp-content\/uploads\/2024\/11\/IMGP9967.jpg 1300w, http:\/\/wgphoto.pl\/t\/wp-content\/uploads\/2024\/11\/IMGP9967-300x199.jpg 300w, http:\/\/wgphoto.pl\/t\/wp-content\/uploads\/2024\/11\/IMGP9967-768x509.jpg 768w\" sizes=\"auto, (max-width: 1300px) 100vw, 1300px\" \/><\/figure>\n\n\n\n<div class=\"wp-block-group has-global-padding is-layout-constrained wp-block-group-is-layout-constrained\">\n<p>Na stacji B\u0159eclav mo\u017cna spotka\u0107 wiele serii lokomotyw. Na zdj\u0119cie za\u0142apa\u0142y si\u0119 trzy: 362.027-5 z poci\u0105giem osobowym 4204 z P\u0159erova, 242.260-8 z osobowym 4606 do Ti\u0161nova oraz 380.020-8 czekaj\u0105ca zapewne na jaki\u015b poci\u0105g kategorii EC. 30.08.2020<\/p>\n<\/div>\n","protected":false},"excerpt":{"rendered":"<p>Na stacji B\u0159eclav mo\u017cna spotka\u0107 wiele serii lokomotyw. Na zdj\u0119cie za\u0142apa\u0142y si\u0119 trzy: 362.027-5 z poci\u0105giem osobowym 4204 z P\u0159erova, 242.260-8 z osobowym 4606 do Ti\u0161nova oraz 380.020-8 czekaj\u0105ca zapewne na jaki\u015b poci\u0105g kategorii EC. 30.08.2020<\/p>\n","protected":false},"author":1,"featured_media":4852,"comment_status":"open","ping_status":"","sticky":false,"template":"","format":"standard","meta":{"footnotes":""},"categories":[2,676],"tags":[1943,305,1362,1378,1944,50,49,1942],"class_list":["post-4851","post","type-post","status-publish","format-standard","has-post-thumbnail","hentry","category-kolej","category-rok-2020","tag-2020-08-30","tag-305","tag-1362","tag-1378","tag-breclav","tag-cd","tag-czechy","tag-morawy-2020"],"_links":{"self":[{"href":"http:\/\/wgphoto.pl\/t\/index.php?rest_route=\/wp\/v2\/posts\/4851","targetHints":{"allow":["GET"]}}],"collection":[{"href":"http:\/\/wgphoto.pl\/t\/index.php?rest_route=\/wp\/v2\/posts"}],"about":[{"href":"http:\/\/wgphoto.pl\/t\/index.php?rest_route=\/wp\/v2\/types\/post"}],"author":[{"embeddable":true,"href":"http:\/\/wgphoto.pl\/t\/index.php?rest_route=\/wp\/v2\/users\/1"}],"replies":[{"embeddable":true,"href":"http:\/\/wgphoto.pl\/t\/index.php?rest_route=%2Fwp%2Fv2%2Fcomments&post=4851"}],"version-history":[{"count":1,"href":"http:\/\/wgphoto.pl\/t\/index.php?rest_route=\/wp\/v2\/posts\/4851\/revisions"}],"predecessor-version":[{"id":4853,"href":"http:\/\/wgphoto.pl\/t\/index.php?rest_route=\/wp\/v2\/posts\/4851\/revisions\/4853"}],"wp:featuredmedia":[{"embeddable":true,"href":"http:\/\/wgphoto.pl\/t\/index.php?rest_route=\/wp\/v2\/media\/4852"}],"wp:attachment":[{"href":"http:\/\/wgphoto.pl\/t\/index.php?rest_route=%2Fwp%2Fv2%2Fmedia&parent=4851"}],"wp:term":[{"taxonomy":"category","embeddable":true,"href":"http:\/\/wgphoto.pl\/t\/index.php?rest_route=%2Fwp%2Fv2%2Fcategories&post=4851"},{"taxonomy":"post_tag","embeddable":true,"href":"http:\/\/wgphoto.pl\/t\/index.php?rest_route=%2Fwp%2Fv2%2Ftags&post=4851"}],"curies":[{"name":"wp","href":"https:\/\/api.w.org\/{rel}","templated":true}]}}