{"id":4854,"date":"2024-11-05T18:01:14","date_gmt":"2024-11-05T17:01:14","guid":{"rendered":"https:\/\/wgphoto.pl\/t\/?p=4854"},"modified":"2024-11-05T18:01:14","modified_gmt":"2024-11-05T17:01:14","slug":"przejscie-z-widokiem-na-tramwaj","status":"publish","type":"post","link":"http:\/\/wgphoto.pl\/t\/?p=4854","title":{"rendered":"Przej\u015bcie z widokiem na tramwaj"},"content":{"rendered":"\n<figure class=\"wp-block-image aligncenter size-full\"><img loading=\"lazy\" decoding=\"async\" width=\"750\" height=\"1000\" src=\"https:\/\/wgphoto.pl\/t\/wp-content\/uploads\/2024\/11\/IMGP0084.jpg\" alt=\"\" class=\"wp-image-4855\" srcset=\"http:\/\/wgphoto.pl\/t\/wp-content\/uploads\/2024\/11\/IMGP0084.jpg 750w, http:\/\/wgphoto.pl\/t\/wp-content\/uploads\/2024\/11\/IMGP0084-225x300.jpg 225w\" sizes=\"auto, (max-width: 750px) 100vw, 750px\" \/><\/figure>\n\n\n\n<div class=\"wp-block-group has-global-padding is-layout-constrained wp-block-group-is-layout-constrained\">\n<p>Brno, Masarykova ul. \u0160koda 03T 1814 odje\u017cd\u017ca z przystanku <em>Zeln\u00fd trh<\/em>, podgl\u0105dana przez bram\u0119 ulicy Pr\u016fchodn\u00ed, co mo\u017cna by przet\u0142umaczy\u0107 na Przej\u015bciow\u0105 &#8211; w\u0142a\u015bnie od przej\u015bcia przez bram\u0119. 30.08.2020<\/p>\n<\/div>\n","protected":false},"excerpt":{"rendered":"<p>Brno, Masarykova ul. \u0160koda 03T 1814 odje\u017cd\u017ca z przystanku Zeln\u00fd trh, podgl\u0105dana przez bram\u0119 ulicy Pr\u016fchodn\u00ed, co mo\u017cna by przet\u0142umaczy\u0107 na Przej\u015bciow\u0105 &#8211; w\u0142a\u015bnie od przej\u015bcia przez bram\u0119. 30.08.2020<\/p>\n","protected":false},"author":1,"featured_media":4855,"comment_status":"open","ping_status":"","sticky":false,"template":"","format":"standard","meta":{"footnotes":""},"categories":[128,676,3],"tags":[1943,328,49,330,1942,905,1098],"class_list":["post-4854","post","type-post","status-publish","format-standard","has-post-thumbnail","hentry","category-pionowe","category-rok-2020","category-tramwaj","tag-2020-08-30","tag-brno","tag-czechy","tag-dpmb-brno","tag-morawy-2020","tag-przez","tag-skoda-03t"],"_links":{"self":[{"href":"http:\/\/wgphoto.pl\/t\/index.php?rest_route=\/wp\/v2\/posts\/4854","targetHints":{"allow":["GET"]}}],"collection":[{"href":"http:\/\/wgphoto.pl\/t\/index.php?rest_route=\/wp\/v2\/posts"}],"about":[{"href":"http:\/\/wgphoto.pl\/t\/index.php?rest_route=\/wp\/v2\/types\/post"}],"author":[{"embeddable":true,"href":"http:\/\/wgphoto.pl\/t\/index.php?rest_route=\/wp\/v2\/users\/1"}],"replies":[{"embeddable":true,"href":"http:\/\/wgphoto.pl\/t\/index.php?rest_route=%2Fwp%2Fv2%2Fcomments&post=4854"}],"version-history":[{"count":1,"href":"http:\/\/wgphoto.pl\/t\/index.php?rest_route=\/wp\/v2\/posts\/4854\/revisions"}],"predecessor-version":[{"id":4856,"href":"http:\/\/wgphoto.pl\/t\/index.php?rest_route=\/wp\/v2\/posts\/4854\/revisions\/4856"}],"wp:featuredmedia":[{"embeddable":true,"href":"http:\/\/wgphoto.pl\/t\/index.php?rest_route=\/wp\/v2\/media\/4855"}],"wp:attachment":[{"href":"http:\/\/wgphoto.pl\/t\/index.php?rest_route=%2Fwp%2Fv2%2Fmedia&parent=4854"}],"wp:term":[{"taxonomy":"category","embeddable":true,"href":"http:\/\/wgphoto.pl\/t\/index.php?rest_route=%2Fwp%2Fv2%2Fcategories&post=4854"},{"taxonomy":"post_tag","embeddable":true,"href":"http:\/\/wgphoto.pl\/t\/index.php?rest_route=%2Fwp%2Fv2%2Ftags&post=4854"}],"curies":[{"name":"wp","href":"https:\/\/api.w.org\/{rel}","templated":true}]}}