{"id":4866,"date":"2024-11-05T18:05:20","date_gmt":"2024-11-05T17:05:20","guid":{"rendered":"https:\/\/wgphoto.pl\/t\/?p=4866"},"modified":"2024-11-05T18:05:20","modified_gmt":"2024-11-05T17:05:20","slug":"zlote-czasy-pkp","status":"publish","type":"post","link":"http:\/\/wgphoto.pl\/t\/?p=4866","title":{"rendered":"&#8222;Z\u0142ote czasy&#8221; PKP"},"content":{"rendered":"\n<figure class=\"wp-block-image aligncenter size-full\"><img loading=\"lazy\" decoding=\"async\" width=\"1300\" height=\"867\" src=\"https:\/\/wgphoto.pl\/t\/wp-content\/uploads\/2024\/11\/0333-37.jpg\" alt=\"\" class=\"wp-image-4867\" srcset=\"http:\/\/wgphoto.pl\/t\/wp-content\/uploads\/2024\/11\/0333-37.jpg 1300w, http:\/\/wgphoto.pl\/t\/wp-content\/uploads\/2024\/11\/0333-37-300x200.jpg 300w, http:\/\/wgphoto.pl\/t\/wp-content\/uploads\/2024\/11\/0333-37-768x512.jpg 768w\" sizes=\"auto, (max-width: 1300px) 100vw, 1300px\" \/><\/figure>\n\n\n\n<div class=\"wp-block-group has-global-padding is-layout-constrained wp-block-group-is-layout-constrained\">\n<p>EP07-347 z poci\u0105giem osobowym 220 relacji Jelenia G\u00f3ra &#8211; Wroc\u0142aw G\u0142\u00f3wny zatrzymuje si\u0119 w S\u0119dzis\u0142awiu. 07.09.2003<\/p>\n<\/div>\n","protected":false},"excerpt":{"rendered":"<p>EP07-347 z poci\u0105giem osobowym 220 relacji Jelenia G\u00f3ra &#8211; Wroc\u0142aw G\u0142\u00f3wny zatrzymuje si\u0119 w S\u0119dzis\u0142awiu. 07.09.2003<\/p>\n","protected":false},"author":1,"featured_media":4867,"comment_status":"open","ping_status":"","sticky":false,"template":"","format":"standard","meta":{"footnotes":""},"categories":[62,2,149],"tags":[1947,288,124,63,27,1767,1061,200],"class_list":["post-4866","post","type-post","status-publish","format-standard","has-post-thumbnail","hentry","category-analog","category-kolej","category-rok-2003","tag-2003-09-07","tag-bipa","tag-ep07","tag-pkp","tag-polska","tag-porownania","tag-sedzislaw","tag-tab-pl240"],"_links":{"self":[{"href":"http:\/\/wgphoto.pl\/t\/index.php?rest_route=\/wp\/v2\/posts\/4866","targetHints":{"allow":["GET"]}}],"collection":[{"href":"http:\/\/wgphoto.pl\/t\/index.php?rest_route=\/wp\/v2\/posts"}],"about":[{"href":"http:\/\/wgphoto.pl\/t\/index.php?rest_route=\/wp\/v2\/types\/post"}],"author":[{"embeddable":true,"href":"http:\/\/wgphoto.pl\/t\/index.php?rest_route=\/wp\/v2\/users\/1"}],"replies":[{"embeddable":true,"href":"http:\/\/wgphoto.pl\/t\/index.php?rest_route=%2Fwp%2Fv2%2Fcomments&post=4866"}],"version-history":[{"count":1,"href":"http:\/\/wgphoto.pl\/t\/index.php?rest_route=\/wp\/v2\/posts\/4866\/revisions"}],"predecessor-version":[{"id":4868,"href":"http:\/\/wgphoto.pl\/t\/index.php?rest_route=\/wp\/v2\/posts\/4866\/revisions\/4868"}],"wp:featuredmedia":[{"embeddable":true,"href":"http:\/\/wgphoto.pl\/t\/index.php?rest_route=\/wp\/v2\/media\/4867"}],"wp:attachment":[{"href":"http:\/\/wgphoto.pl\/t\/index.php?rest_route=%2Fwp%2Fv2%2Fmedia&parent=4866"}],"wp:term":[{"taxonomy":"category","embeddable":true,"href":"http:\/\/wgphoto.pl\/t\/index.php?rest_route=%2Fwp%2Fv2%2Fcategories&post=4866"},{"taxonomy":"post_tag","embeddable":true,"href":"http:\/\/wgphoto.pl\/t\/index.php?rest_route=%2Fwp%2Fv2%2Ftags&post=4866"}],"curies":[{"name":"wp","href":"https:\/\/api.w.org\/{rel}","templated":true}]}}