{"id":4902,"date":"2024-11-05T18:19:16","date_gmt":"2024-11-05T17:19:16","guid":{"rendered":"https:\/\/wgphoto.pl\/t\/?p=4902"},"modified":"2024-11-05T18:19:16","modified_gmt":"2024-11-05T17:19:16","slug":"kontra","status":"publish","type":"post","link":"http:\/\/wgphoto.pl\/t\/?p=4902","title":{"rendered":"Kontra"},"content":{"rendered":"\n<figure class=\"wp-block-image aligncenter size-full\"><img loading=\"lazy\" decoding=\"async\" width=\"1200\" height=\"795\" src=\"https:\/\/wgphoto.pl\/t\/wp-content\/uploads\/2024\/11\/IMGP3038.jpg\" alt=\"\" class=\"wp-image-4903\" srcset=\"http:\/\/wgphoto.pl\/t\/wp-content\/uploads\/2024\/11\/IMGP3038.jpg 1200w, http:\/\/wgphoto.pl\/t\/wp-content\/uploads\/2024\/11\/IMGP3038-300x199.jpg 300w, http:\/\/wgphoto.pl\/t\/wp-content\/uploads\/2024\/11\/IMGP3038-768x509.jpg 768w\" sizes=\"auto, (max-width: 1200px) 100vw, 1200px\" \/><\/figure>\n\n\n\n<div class=\"wp-block-group has-global-padding is-layout-constrained wp-block-group-is-layout-constrained\">\n<p>Elektryczny kontra spalinowy, KD kontra PR, W\u0119gliniec kontra \u017bary. 36WEa-011 jako poci\u0105g osobowy z Wroc\u0142awia do W\u0119gli\u0144ca odje\u017cd\u017ca z Legnicy, mijaj\u0105c SA105-105, kt\u00f3ry kilka minut p\u00f3\u017aniej wyruszy do \u017bar. 22.09.2015<\/p>\n<\/div>\n","protected":false},"excerpt":{"rendered":"<p>Elektryczny kontra spalinowy, KD kontra PR, W\u0119gliniec kontra \u017bary. 36WEa-011 jako poci\u0105g osobowy z Wroc\u0142awia do W\u0119gli\u0144ca odje\u017cd\u017ca z Legnicy, mijaj\u0105c SA105-105, kt\u00f3ry kilka minut p\u00f3\u017aniej wyruszy do \u017bar. 22.09.2015<\/p>\n","protected":false},"author":1,"featured_media":4903,"comment_status":"open","ping_status":"","sticky":false,"template":"","format":"standard","meta":{"footnotes":""},"categories":[2,104],"tags":[1964,401,179,402,661,404,24,27,1502,176,1528],"class_list":["post-4902","post","type-post","status-publish","format-standard","has-post-thumbnail","hentry","category-kolej","category-rok-2015","tag-2015-09-22","tag-36we","tag-hala-peronowa","tag-kd","tag-legnica","tag-newag-impuls","tag-perony","tag-polska","tag-przewozy-regionalne","tag-rano","tag-sa105"],"_links":{"self":[{"href":"http:\/\/wgphoto.pl\/t\/index.php?rest_route=\/wp\/v2\/posts\/4902","targetHints":{"allow":["GET"]}}],"collection":[{"href":"http:\/\/wgphoto.pl\/t\/index.php?rest_route=\/wp\/v2\/posts"}],"about":[{"href":"http:\/\/wgphoto.pl\/t\/index.php?rest_route=\/wp\/v2\/types\/post"}],"author":[{"embeddable":true,"href":"http:\/\/wgphoto.pl\/t\/index.php?rest_route=\/wp\/v2\/users\/1"}],"replies":[{"embeddable":true,"href":"http:\/\/wgphoto.pl\/t\/index.php?rest_route=%2Fwp%2Fv2%2Fcomments&post=4902"}],"version-history":[{"count":1,"href":"http:\/\/wgphoto.pl\/t\/index.php?rest_route=\/wp\/v2\/posts\/4902\/revisions"}],"predecessor-version":[{"id":4904,"href":"http:\/\/wgphoto.pl\/t\/index.php?rest_route=\/wp\/v2\/posts\/4902\/revisions\/4904"}],"wp:featuredmedia":[{"embeddable":true,"href":"http:\/\/wgphoto.pl\/t\/index.php?rest_route=\/wp\/v2\/media\/4903"}],"wp:attachment":[{"href":"http:\/\/wgphoto.pl\/t\/index.php?rest_route=%2Fwp%2Fv2%2Fmedia&parent=4902"}],"wp:term":[{"taxonomy":"category","embeddable":true,"href":"http:\/\/wgphoto.pl\/t\/index.php?rest_route=%2Fwp%2Fv2%2Fcategories&post=4902"},{"taxonomy":"post_tag","embeddable":true,"href":"http:\/\/wgphoto.pl\/t\/index.php?rest_route=%2Fwp%2Fv2%2Ftags&post=4902"}],"curies":[{"name":"wp","href":"https:\/\/api.w.org\/{rel}","templated":true}]}}