{"id":4906,"date":"2024-11-05T22:17:11","date_gmt":"2024-11-05T21:17:11","guid":{"rendered":"https:\/\/wgphoto.pl\/t\/?p=4906"},"modified":"2024-11-05T22:17:11","modified_gmt":"2024-11-05T21:17:11","slug":"mgla-siostra-jesieni","status":"publish","type":"post","link":"http:\/\/wgphoto.pl\/t\/?p=4906","title":{"rendered":"Mg\u0142a, siostra jesieni"},"content":{"rendered":"\n<figure class=\"wp-block-image aligncenter size-full\"><img loading=\"lazy\" decoding=\"async\" width=\"1400\" height=\"927\" src=\"https:\/\/wgphoto.pl\/t\/wp-content\/uploads\/2024\/11\/IMGP5850.jpg\" alt=\"\" class=\"wp-image-4907\" srcset=\"http:\/\/wgphoto.pl\/t\/wp-content\/uploads\/2024\/11\/IMGP5850.jpg 1400w, http:\/\/wgphoto.pl\/t\/wp-content\/uploads\/2024\/11\/IMGP5850-300x199.jpg 300w, http:\/\/wgphoto.pl\/t\/wp-content\/uploads\/2024\/11\/IMGP5850-768x509.jpg 768w\" sizes=\"auto, (max-width: 1400px) 100vw, 1400px\" \/><\/figure>\n\n\n\n<div class=\"wp-block-group has-global-padding is-layout-constrained wp-block-group-is-layout-constrained\">\n<p>Ga\u0142acz, p\u0119tla Cmentarzu \u017cydowskim, ex-rotterdamski ZGT6 1254. Aktualnie oko\u0142o 1-kilometrowy odcinek od by\u0142ej zajezdni nr 2 do tej p\u0119tli, wzd\u0142u\u017c Strada \u0218tefan cel Mare, jest nieczynny. 18.10.2019<\/p>\n<\/div>\n","protected":false},"excerpt":{"rendered":"<p>Ga\u0142acz, p\u0119tla Cmentarzu \u017cydowskim, ex-rotterdamski ZGT6 1254. Aktualnie oko\u0142o 1-kilometrowy odcinek od by\u0142ej zajezdni nr 2 do tej p\u0119tli, wzd\u0142u\u017c Strada \u0218tefan cel Mare, jest nieczynny. 18.10.2019<\/p>\n","protected":false},"author":1,"featured_media":4907,"comment_status":"open","ping_status":"","sticky":false,"template":"","format":"standard","meta":{"footnotes":""},"categories":[136,3],"tags":[963,964,101,821,574,962,575],"class_list":["post-4906","post","type-post","status-publish","format-standard","has-post-thumbnail","hentry","category-rok-2019","category-tramwaj","tag-2019-10-18","tag-galacz","tag-gt6","tag-mgla","tag-rumunia","tag-transurb-galati","tag-wakacje-2019"],"_links":{"self":[{"href":"http:\/\/wgphoto.pl\/t\/index.php?rest_route=\/wp\/v2\/posts\/4906","targetHints":{"allow":["GET"]}}],"collection":[{"href":"http:\/\/wgphoto.pl\/t\/index.php?rest_route=\/wp\/v2\/posts"}],"about":[{"href":"http:\/\/wgphoto.pl\/t\/index.php?rest_route=\/wp\/v2\/types\/post"}],"author":[{"embeddable":true,"href":"http:\/\/wgphoto.pl\/t\/index.php?rest_route=\/wp\/v2\/users\/1"}],"replies":[{"embeddable":true,"href":"http:\/\/wgphoto.pl\/t\/index.php?rest_route=%2Fwp%2Fv2%2Fcomments&post=4906"}],"version-history":[{"count":1,"href":"http:\/\/wgphoto.pl\/t\/index.php?rest_route=\/wp\/v2\/posts\/4906\/revisions"}],"predecessor-version":[{"id":4908,"href":"http:\/\/wgphoto.pl\/t\/index.php?rest_route=\/wp\/v2\/posts\/4906\/revisions\/4908"}],"wp:featuredmedia":[{"embeddable":true,"href":"http:\/\/wgphoto.pl\/t\/index.php?rest_route=\/wp\/v2\/media\/4907"}],"wp:attachment":[{"href":"http:\/\/wgphoto.pl\/t\/index.php?rest_route=%2Fwp%2Fv2%2Fmedia&parent=4906"}],"wp:term":[{"taxonomy":"category","embeddable":true,"href":"http:\/\/wgphoto.pl\/t\/index.php?rest_route=%2Fwp%2Fv2%2Fcategories&post=4906"},{"taxonomy":"post_tag","embeddable":true,"href":"http:\/\/wgphoto.pl\/t\/index.php?rest_route=%2Fwp%2Fv2%2Ftags&post=4906"}],"curies":[{"name":"wp","href":"https:\/\/api.w.org\/{rel}","templated":true}]}}