{"id":4946,"date":"2024-11-06T17:36:55","date_gmt":"2024-11-06T16:36:55","guid":{"rendered":"https:\/\/wgphoto.pl\/t\/?p=4946"},"modified":"2024-11-06T17:36:55","modified_gmt":"2024-11-06T16:36:55","slug":"arkady-capitol","status":"publish","type":"post","link":"http:\/\/wgphoto.pl\/t\/?p=4946","title":{"rendered":"Arkady Capitol"},"content":{"rendered":"\n<figure class=\"wp-block-image aligncenter size-full\"><img loading=\"lazy\" decoding=\"async\" width=\"1300\" height=\"861\" src=\"https:\/\/wgphoto.pl\/t\/wp-content\/uploads\/2024\/11\/IMGP0121.jpg\" alt=\"\" class=\"wp-image-4947\" srcset=\"http:\/\/wgphoto.pl\/t\/wp-content\/uploads\/2024\/11\/IMGP0121.jpg 1300w, http:\/\/wgphoto.pl\/t\/wp-content\/uploads\/2024\/11\/IMGP0121-300x199.jpg 300w, http:\/\/wgphoto.pl\/t\/wp-content\/uploads\/2024\/11\/IMGP0121-768x509.jpg 768w\" sizes=\"auto, (max-width: 1300px) 100vw, 1300px\" \/><\/figure>\n\n\n\n<div class=\"wp-block-group has-global-padding is-layout-constrained wp-block-group-is-layout-constrained\">\n<p>Wroc\u0142aw, skrzy\u017cowanie ul. Pi\u0142sudskiego ze \u015awidnick\u0105. Zestaw 105NWr 2288+2289 przeje\u017cd\u017ca bez towarzystwa samochod\u00f3w tylko dlatego, \u017ce motornicza pojecha\u0142a &#8222;na drugiego&#8221;. To by by\u0142o najbardziej klasyczne uj\u0119cie jakie znalaz\u0142em, z widocznym ca\u0142ym tramwajem, ale sam nie wiem czy jest najlepsze\u2026 Po drugiej stronie skrzy\u017cowania stoi przyt\u0142aczaj\u0105ca bry\u0142a teatru muzycznego Capitol. 13.09.2020<\/p>\n<\/div>\n","protected":false},"excerpt":{"rendered":"<p>Wroc\u0142aw, skrzy\u017cowanie ul. Pi\u0142sudskiego ze \u015awidnick\u0105. Zestaw 105NWr 2288+2289 przeje\u017cd\u017ca bez towarzystwa samochod\u00f3w tylko dlatego, \u017ce motornicza pojecha\u0142a &#8222;na drugiego&#8221;. To by by\u0142o najbardziej klasyczne uj\u0119cie jakie znalaz\u0142em, z widocznym ca\u0142ym tramwajem, ale sam nie wiem czy jest najlepsze\u2026 Po drugiej stronie skrzy\u017cowania stoi przyt\u0142aczaj\u0105ca bry\u0142a teatru muzycznego Capitol. 13.09.2020<\/p>\n","protected":false},"author":1,"featured_media":4947,"comment_status":"open","ping_status":"","sticky":false,"template":"","format":"standard","meta":{"footnotes":""},"categories":[676,3],"tags":[43,1976,42,27,41],"class_list":["post-4946","post","type-post","status-publish","format-standard","has-post-thumbnail","hentry","category-rok-2020","category-tramwaj","tag-105nwr","tag-2020-09-13","tag-mpk-wroclaw","tag-polska","tag-wroclaw"],"_links":{"self":[{"href":"http:\/\/wgphoto.pl\/t\/index.php?rest_route=\/wp\/v2\/posts\/4946","targetHints":{"allow":["GET"]}}],"collection":[{"href":"http:\/\/wgphoto.pl\/t\/index.php?rest_route=\/wp\/v2\/posts"}],"about":[{"href":"http:\/\/wgphoto.pl\/t\/index.php?rest_route=\/wp\/v2\/types\/post"}],"author":[{"embeddable":true,"href":"http:\/\/wgphoto.pl\/t\/index.php?rest_route=\/wp\/v2\/users\/1"}],"replies":[{"embeddable":true,"href":"http:\/\/wgphoto.pl\/t\/index.php?rest_route=%2Fwp%2Fv2%2Fcomments&post=4946"}],"version-history":[{"count":1,"href":"http:\/\/wgphoto.pl\/t\/index.php?rest_route=\/wp\/v2\/posts\/4946\/revisions"}],"predecessor-version":[{"id":4948,"href":"http:\/\/wgphoto.pl\/t\/index.php?rest_route=\/wp\/v2\/posts\/4946\/revisions\/4948"}],"wp:featuredmedia":[{"embeddable":true,"href":"http:\/\/wgphoto.pl\/t\/index.php?rest_route=\/wp\/v2\/media\/4947"}],"wp:attachment":[{"href":"http:\/\/wgphoto.pl\/t\/index.php?rest_route=%2Fwp%2Fv2%2Fmedia&parent=4946"}],"wp:term":[{"taxonomy":"category","embeddable":true,"href":"http:\/\/wgphoto.pl\/t\/index.php?rest_route=%2Fwp%2Fv2%2Fcategories&post=4946"},{"taxonomy":"post_tag","embeddable":true,"href":"http:\/\/wgphoto.pl\/t\/index.php?rest_route=%2Fwp%2Fv2%2Ftags&post=4946"}],"curies":[{"name":"wp","href":"https:\/\/api.w.org\/{rel}","templated":true}]}}