{"id":4949,"date":"2024-11-06T17:38:09","date_gmt":"2024-11-06T16:38:09","guid":{"rendered":"https:\/\/wgphoto.pl\/t\/?p=4949"},"modified":"2024-11-06T17:38:09","modified_gmt":"2024-11-06T16:38:09","slug":"to-sie-nie-trzyma-czeskiej-kupy","status":"publish","type":"post","link":"http:\/\/wgphoto.pl\/t\/?p=4949","title":{"rendered":"To si\u0119 nie trzyma czeskiej kupy"},"content":{"rendered":"\n<figure class=\"wp-block-image aligncenter size-full\"><img loading=\"lazy\" decoding=\"async\" width=\"1300\" height=\"870\" src=\"https:\/\/wgphoto.pl\/t\/wp-content\/uploads\/2024\/11\/IMGP0432-1.jpg\" alt=\"\" class=\"wp-image-4951\" srcset=\"http:\/\/wgphoto.pl\/t\/wp-content\/uploads\/2024\/11\/IMGP0432-1.jpg 1300w, http:\/\/wgphoto.pl\/t\/wp-content\/uploads\/2024\/11\/IMGP0432-1-300x201.jpg 300w, http:\/\/wgphoto.pl\/t\/wp-content\/uploads\/2024\/11\/IMGP0432-1-768x514.jpg 768w\" sizes=\"auto, (max-width: 1300px) 100vw, 1300px\" \/><\/figure>\n\n\n\n<div class=\"wp-block-group has-global-padding is-layout-constrained wp-block-group-is-layout-constrained\">\n<p>810 431-7 przyby\u0142 do Vidnavy jako poci\u0105g osobowy 23604 z Javornika ve Slezsku. Dodaj\u0105c to foto w 2011 roku na star\u0105 www napisa\u0142em tak: przegl\u0105daj\u0105c w\u0142a\u015bnie tabele RJ 2010\/11 zauwa\u017cy\u0142em, \u017ce 4-kilometrowa linia Velk\u00e1 Kra\u0161 &#8211; Vidnava ju\u017c w nim nie figuruje. W chwili wykonywania zdj\u0119cia po tym odcinku kursowa\u0142o 12 par poci\u0105g\u00f3w (z czego 9 codziennie), rok p\u00f3\u017aniej &#8211; przed zawieszeniem przewoz\u00f3w &#8211; odpowiednio 11 i 8. Nie by\u0142a to z\u0142a oferta. Przystanki tak\u017ce posiada\u0142y dobr\u0105 lokalizacj\u0119, cho\u0107 by\u0142o ich oczywi\u015bcie nieco mniej ni\u017c na biegn\u0105cej r\u00f3wnolegle do toru szosie. To zawieszenie nie trzyma si\u0119 czeskiej kupy! 27.10.2009<\/p>\n<\/div>\n","protected":false},"excerpt":{"rendered":"<p>810 431-7 przyby\u0142 do Vidnavy jako poci\u0105g osobowy 23604 z Javornika ve Slezsku. Dodaj\u0105c to foto w 2011 roku na star\u0105 www napisa\u0142em tak: przegl\u0105daj\u0105c w\u0142a\u015bnie tabele RJ 2010\/11 zauwa\u017cy\u0142em, \u017ce 4-kilometrowa linia Velk\u00e1 Kra\u0161 &#8211; Vidnava ju\u017c w nim nie figuruje. W chwili wykonywania zdj\u0119cia po tym odcinku kursowa\u0142o 12 par poci\u0105g\u00f3w (z czego [&hellip;]<\/p>\n","protected":false},"author":1,"featured_media":4951,"comment_status":"open","ping_status":"","sticky":false,"template":"","format":"standard","meta":{"footnotes":""},"categories":[2,169],"tags":[1979,92,50,49,126,94,176,1978,1977],"class_list":["post-4949","post","type-post","status-publish","format-standard","has-post-thumbnail","hentry","category-kolej","category-rok-2009","tag-2009-10-27","tag-92","tag-cd","tag-czechy","tag-jesien","tag-na-kolejowym-koncu-swiata","tag-rano","tag-tab-cz296","tag-vidnava"],"_links":{"self":[{"href":"http:\/\/wgphoto.pl\/t\/index.php?rest_route=\/wp\/v2\/posts\/4949","targetHints":{"allow":["GET"]}}],"collection":[{"href":"http:\/\/wgphoto.pl\/t\/index.php?rest_route=\/wp\/v2\/posts"}],"about":[{"href":"http:\/\/wgphoto.pl\/t\/index.php?rest_route=\/wp\/v2\/types\/post"}],"author":[{"embeddable":true,"href":"http:\/\/wgphoto.pl\/t\/index.php?rest_route=\/wp\/v2\/users\/1"}],"replies":[{"embeddable":true,"href":"http:\/\/wgphoto.pl\/t\/index.php?rest_route=%2Fwp%2Fv2%2Fcomments&post=4949"}],"version-history":[{"count":1,"href":"http:\/\/wgphoto.pl\/t\/index.php?rest_route=\/wp\/v2\/posts\/4949\/revisions"}],"predecessor-version":[{"id":4952,"href":"http:\/\/wgphoto.pl\/t\/index.php?rest_route=\/wp\/v2\/posts\/4949\/revisions\/4952"}],"wp:featuredmedia":[{"embeddable":true,"href":"http:\/\/wgphoto.pl\/t\/index.php?rest_route=\/wp\/v2\/media\/4951"}],"wp:attachment":[{"href":"http:\/\/wgphoto.pl\/t\/index.php?rest_route=%2Fwp%2Fv2%2Fmedia&parent=4949"}],"wp:term":[{"taxonomy":"category","embeddable":true,"href":"http:\/\/wgphoto.pl\/t\/index.php?rest_route=%2Fwp%2Fv2%2Fcategories&post=4949"},{"taxonomy":"post_tag","embeddable":true,"href":"http:\/\/wgphoto.pl\/t\/index.php?rest_route=%2Fwp%2Fv2%2Ftags&post=4949"}],"curies":[{"name":"wp","href":"https:\/\/api.w.org\/{rel}","templated":true}]}}