{"id":4956,"date":"2024-11-06T17:40:28","date_gmt":"2024-11-06T16:40:28","guid":{"rendered":"https:\/\/wgphoto.pl\/t\/?p=4956"},"modified":"2025-07-06T10:58:59","modified_gmt":"2025-07-06T08:58:59","slug":"rumunski-zachod","status":"publish","type":"post","link":"http:\/\/wgphoto.pl\/t\/?p=4956","title":{"rendered":"Rumu\u0144ski zach\u00f3d"},"content":{"rendered":"\n<figure class=\"wp-block-image aligncenter size-full\"><img loading=\"lazy\" decoding=\"async\" width=\"1200\" height=\"795\" src=\"https:\/\/wgphoto.pl\/t\/wp-content\/uploads\/2024\/11\/IMGP6312-1.jpg\" alt=\"\" class=\"wp-image-4958\" srcset=\"http:\/\/wgphoto.pl\/t\/wp-content\/uploads\/2024\/11\/IMGP6312-1.jpg 1200w, http:\/\/wgphoto.pl\/t\/wp-content\/uploads\/2024\/11\/IMGP6312-1-300x199.jpg 300w, http:\/\/wgphoto.pl\/t\/wp-content\/uploads\/2024\/11\/IMGP6312-1-768x509.jpg 768w\" sizes=\"auto, (max-width: 1200px) 100vw, 1200px\" \/><\/figure>\n\n\n\n<div class=\"wp-block-group has-global-padding is-layout-constrained wp-block-group-is-layout-constrained\">\n<p>Zach\u00f3d s\u0142o\u0144ca nad stacj\u0105 Cluj-Napoca. Elektryczny <em>Rumun<\/em> o nieznanym numerze odjedzie wkr\u00f3tce z poci\u0105giem pasa\u017cerskim nieznanej relacji, obok na prac\u0119 czeka spalinowy, prywatny <em>Rumun<\/em> 060-0180. 20.10.2019<\/p>\n<\/div>\n","protected":false},"excerpt":{"rendered":"<p>Zach\u00f3d s\u0142o\u0144ca nad stacj\u0105 Cluj-Napoca. Elektryczny Rumun o nieznanym numerze odjedzie wkr\u00f3tce z poci\u0105giem pasa\u017cerskim nieznanej relacji, obok na prac\u0119 czeka spalinowy, prywatny Rumun 060-0180. 20.10.2019<\/p>\n","protected":false},"author":1,"featured_media":4958,"comment_status":"open","ping_status":"","sticky":false,"template":"","format":"standard","meta":{"footnotes":""},"categories":[2,136],"tags":[968,4187,4186,958,1500,494,1501,162,24,574,575,90],"class_list":["post-4956","post","type-post","status-publish","format-standard","has-post-thumbnail","hentry","category-kolej","category-rok-2019","tag-2019-10-20","tag-4187","tag-4186","tag-cfr","tag-cluj-napoca","tag-flaga","tag-gfr","tag-niebo","tag-perony","tag-rumunia","tag-wakacje-2019","tag-wieczorem"],"_links":{"self":[{"href":"http:\/\/wgphoto.pl\/t\/index.php?rest_route=\/wp\/v2\/posts\/4956","targetHints":{"allow":["GET"]}}],"collection":[{"href":"http:\/\/wgphoto.pl\/t\/index.php?rest_route=\/wp\/v2\/posts"}],"about":[{"href":"http:\/\/wgphoto.pl\/t\/index.php?rest_route=\/wp\/v2\/types\/post"}],"author":[{"embeddable":true,"href":"http:\/\/wgphoto.pl\/t\/index.php?rest_route=\/wp\/v2\/users\/1"}],"replies":[{"embeddable":true,"href":"http:\/\/wgphoto.pl\/t\/index.php?rest_route=%2Fwp%2Fv2%2Fcomments&post=4956"}],"version-history":[{"count":1,"href":"http:\/\/wgphoto.pl\/t\/index.php?rest_route=\/wp\/v2\/posts\/4956\/revisions"}],"predecessor-version":[{"id":4959,"href":"http:\/\/wgphoto.pl\/t\/index.php?rest_route=\/wp\/v2\/posts\/4956\/revisions\/4959"}],"wp:featuredmedia":[{"embeddable":true,"href":"http:\/\/wgphoto.pl\/t\/index.php?rest_route=\/wp\/v2\/media\/4958"}],"wp:attachment":[{"href":"http:\/\/wgphoto.pl\/t\/index.php?rest_route=%2Fwp%2Fv2%2Fmedia&parent=4956"}],"wp:term":[{"taxonomy":"category","embeddable":true,"href":"http:\/\/wgphoto.pl\/t\/index.php?rest_route=%2Fwp%2Fv2%2Fcategories&post=4956"},{"taxonomy":"post_tag","embeddable":true,"href":"http:\/\/wgphoto.pl\/t\/index.php?rest_route=%2Fwp%2Fv2%2Ftags&post=4956"}],"curies":[{"name":"wp","href":"https:\/\/api.w.org\/{rel}","templated":true}]}}