{"id":4963,"date":"2024-11-06T17:42:29","date_gmt":"2024-11-06T16:42:29","guid":{"rendered":"https:\/\/wgphoto.pl\/t\/?p=4963"},"modified":"2024-11-06T17:42:29","modified_gmt":"2024-11-06T16:42:29","slug":"jest-postep","status":"publish","type":"post","link":"http:\/\/wgphoto.pl\/t\/?p=4963","title":{"rendered":"Jest post\u0119p"},"content":{"rendered":"\n<figure class=\"wp-block-image aligncenter size-full\"><img loading=\"lazy\" decoding=\"async\" width=\"1300\" height=\"861\" src=\"https:\/\/wgphoto.pl\/t\/wp-content\/uploads\/2024\/11\/IMGP5752.jpg\" alt=\"\" class=\"wp-image-4964\" srcset=\"http:\/\/wgphoto.pl\/t\/wp-content\/uploads\/2024\/11\/IMGP5752.jpg 1300w, http:\/\/wgphoto.pl\/t\/wp-content\/uploads\/2024\/11\/IMGP5752-300x199.jpg 300w, http:\/\/wgphoto.pl\/t\/wp-content\/uploads\/2024\/11\/IMGP5752-768x509.jpg 768w\" sizes=\"auto, (max-width: 1300px) 100vw, 1300px\" \/><\/figure>\n\n\n\n<div class=\"wp-block-group has-global-padding is-layout-constrained wp-block-group-is-layout-constrained\">\n<p>Brai\u0142a, Strada Octav Doicescu. By\u0142y wiede\u0144ski wagon E1 nr 4638, tak\u017ce wygl\u0105daj\u0105cy ca\u0142kiem rze\u015bko, pokonuje kilkuprzystankow\u0105 p\u0119tl\u0119 w formie tzw. kryterium ulicznego w dzielnicy Progresu. Platany, dodaj\u0105ce temu miejscu wielkomiejsko\u015bci, skrywaj\u0105 nieciekawe bloki. 17.10.2019<\/p>\n<\/div>\n","protected":false},"excerpt":{"rendered":"<p>Brai\u0142a, Strada Octav Doicescu. By\u0142y wiede\u0144ski wagon E1 nr 4638, tak\u017ce wygl\u0105daj\u0105cy ca\u0142kiem rze\u015bko, pokonuje kilkuprzystankow\u0105 p\u0119tl\u0119 w formie tzw. kryterium ulicznego w dzielnicy Progresu. Platany, dodaj\u0105ce temu miejscu wielkomiejsko\u015bci, skrywaj\u0105 nieciekawe bloki. 17.10.2019<\/p>\n","protected":false},"author":1,"featured_media":4964,"comment_status":"open","ping_status":"","sticky":false,"template":"","format":"standard","meta":{"footnotes":""},"categories":[136,3],"tags":[576,572,573,102,101,126,574,575],"class_list":["post-4963","post","type-post","status-publish","format-standard","has-post-thumbnail","hentry","category-rok-2019","category-tramwaj","tag-2019-10-17","tag-braicar-braila","tag-braila","tag-e1","tag-gt6","tag-jesien","tag-rumunia","tag-wakacje-2019"],"_links":{"self":[{"href":"http:\/\/wgphoto.pl\/t\/index.php?rest_route=\/wp\/v2\/posts\/4963","targetHints":{"allow":["GET"]}}],"collection":[{"href":"http:\/\/wgphoto.pl\/t\/index.php?rest_route=\/wp\/v2\/posts"}],"about":[{"href":"http:\/\/wgphoto.pl\/t\/index.php?rest_route=\/wp\/v2\/types\/post"}],"author":[{"embeddable":true,"href":"http:\/\/wgphoto.pl\/t\/index.php?rest_route=\/wp\/v2\/users\/1"}],"replies":[{"embeddable":true,"href":"http:\/\/wgphoto.pl\/t\/index.php?rest_route=%2Fwp%2Fv2%2Fcomments&post=4963"}],"version-history":[{"count":1,"href":"http:\/\/wgphoto.pl\/t\/index.php?rest_route=\/wp\/v2\/posts\/4963\/revisions"}],"predecessor-version":[{"id":4965,"href":"http:\/\/wgphoto.pl\/t\/index.php?rest_route=\/wp\/v2\/posts\/4963\/revisions\/4965"}],"wp:featuredmedia":[{"embeddable":true,"href":"http:\/\/wgphoto.pl\/t\/index.php?rest_route=\/wp\/v2\/media\/4964"}],"wp:attachment":[{"href":"http:\/\/wgphoto.pl\/t\/index.php?rest_route=%2Fwp%2Fv2%2Fmedia&parent=4963"}],"wp:term":[{"taxonomy":"category","embeddable":true,"href":"http:\/\/wgphoto.pl\/t\/index.php?rest_route=%2Fwp%2Fv2%2Fcategories&post=4963"},{"taxonomy":"post_tag","embeddable":true,"href":"http:\/\/wgphoto.pl\/t\/index.php?rest_route=%2Fwp%2Fv2%2Ftags&post=4963"}],"curies":[{"name":"wp","href":"https:\/\/api.w.org\/{rel}","templated":true}]}}