{"id":4966,"date":"2024-11-06T17:43:22","date_gmt":"2024-11-06T16:43:22","guid":{"rendered":"https:\/\/wgphoto.pl\/t\/?p=4966"},"modified":"2024-11-06T17:57:36","modified_gmt":"2024-11-06T16:57:36","slug":"rumunski-tuning","status":"publish","type":"post","link":"http:\/\/wgphoto.pl\/t\/?p=4966","title":{"rendered":"Rumu\u0144ski tuning"},"content":{"rendered":"\n<figure class=\"wp-block-image aligncenter size-full\"><img loading=\"lazy\" decoding=\"async\" width=\"1300\" height=\"861\" src=\"https:\/\/wgphoto.pl\/t\/wp-content\/uploads\/2024\/11\/IMGP5613.jpg\" alt=\"\" class=\"wp-image-4967\" srcset=\"http:\/\/wgphoto.pl\/t\/wp-content\/uploads\/2024\/11\/IMGP5613.jpg 1300w, http:\/\/wgphoto.pl\/t\/wp-content\/uploads\/2024\/11\/IMGP5613-300x199.jpg 300w, http:\/\/wgphoto.pl\/t\/wp-content\/uploads\/2024\/11\/IMGP5613-768x509.jpg 768w\" sizes=\"auto, (max-width: 1300px) 100vw, 1300px\" \/><\/figure>\n\n\n\n<div class=\"wp-block-group has-global-padding is-layout-constrained wp-block-group-is-layout-constrained\">\n<p>Brai\u0142a, Bulevardul Independen\u021bei. To by\u0142o jedno z pierwszych zdj\u0119\u0107, jakie zrobi\u0142em w tym mie\u015bcie, w zwi\u0105zku z czym nie wiedzia\u0142em jeszcze, czego si\u0119 spodziewa\u0107. Okaza\u0142o si\u0119, \u017ce wiede\u0144czyk nr 4633 by\u0142 jedynym tramwajem, kt\u00f3ry zosta\u0142 tak stuningowany za pomoc\u0105 niezawodnej metody naklejkowej. 17.10.2019<\/p>\n<\/div>\n","protected":false},"excerpt":{"rendered":"<p>Brai\u0142a, Bulevardul Independen\u021bei. To by\u0142o jedno z pierwszych zdj\u0119\u0107, jakie zrobi\u0142em w tym mie\u015bcie, w zwi\u0105zku z czym nie wiedzia\u0142em jeszcze, czego si\u0119 spodziewa\u0107. Okaza\u0142o si\u0119, \u017ce wiede\u0144czyk nr 4633 by\u0142 jedynym tramwajem, kt\u00f3ry zosta\u0142 tak stuningowany za pomoc\u0105 niezawodnej metody naklejkowej. 17.10.2019<\/p>\n","protected":false},"author":1,"featured_media":4967,"comment_status":"open","ping_status":"","sticky":false,"template":"","format":"standard","meta":{"footnotes":""},"categories":[136,3],"tags":[576,418,572,573,102,101,126,574,575],"class_list":["post-4966","post","type-post","status-publish","format-standard","has-post-thumbnail","hentry","category-rok-2019","category-tramwaj","tag-2019-10-17","tag-auto","tag-braicar-braila","tag-braila","tag-e1","tag-gt6","tag-jesien","tag-rumunia","tag-wakacje-2019"],"_links":{"self":[{"href":"http:\/\/wgphoto.pl\/t\/index.php?rest_route=\/wp\/v2\/posts\/4966","targetHints":{"allow":["GET"]}}],"collection":[{"href":"http:\/\/wgphoto.pl\/t\/index.php?rest_route=\/wp\/v2\/posts"}],"about":[{"href":"http:\/\/wgphoto.pl\/t\/index.php?rest_route=\/wp\/v2\/types\/post"}],"author":[{"embeddable":true,"href":"http:\/\/wgphoto.pl\/t\/index.php?rest_route=\/wp\/v2\/users\/1"}],"replies":[{"embeddable":true,"href":"http:\/\/wgphoto.pl\/t\/index.php?rest_route=%2Fwp%2Fv2%2Fcomments&post=4966"}],"version-history":[{"count":2,"href":"http:\/\/wgphoto.pl\/t\/index.php?rest_route=\/wp\/v2\/posts\/4966\/revisions"}],"predecessor-version":[{"id":4969,"href":"http:\/\/wgphoto.pl\/t\/index.php?rest_route=\/wp\/v2\/posts\/4966\/revisions\/4969"}],"wp:featuredmedia":[{"embeddable":true,"href":"http:\/\/wgphoto.pl\/t\/index.php?rest_route=\/wp\/v2\/media\/4967"}],"wp:attachment":[{"href":"http:\/\/wgphoto.pl\/t\/index.php?rest_route=%2Fwp%2Fv2%2Fmedia&parent=4966"}],"wp:term":[{"taxonomy":"category","embeddable":true,"href":"http:\/\/wgphoto.pl\/t\/index.php?rest_route=%2Fwp%2Fv2%2Fcategories&post=4966"},{"taxonomy":"post_tag","embeddable":true,"href":"http:\/\/wgphoto.pl\/t\/index.php?rest_route=%2Fwp%2Fv2%2Ftags&post=4966"}],"curies":[{"name":"wp","href":"https:\/\/api.w.org\/{rel}","templated":true}]}}