{"id":4973,"date":"2024-11-06T18:03:15","date_gmt":"2024-11-06T17:03:15","guid":{"rendered":"https:\/\/wgphoto.pl\/t\/?p=4973"},"modified":"2024-11-06T18:03:15","modified_gmt":"2024-11-06T17:03:15","slug":"planowo-podwojny","status":"publish","type":"post","link":"http:\/\/wgphoto.pl\/t\/?p=4973","title":{"rendered":"Planowo podw\u00f3jny"},"content":{"rendered":"\n<figure class=\"wp-block-image aligncenter size-full\"><img loading=\"lazy\" decoding=\"async\" width=\"1300\" height=\"862\" src=\"https:\/\/wgphoto.pl\/t\/wp-content\/uploads\/2024\/11\/0732-06.jpg\" alt=\"\" class=\"wp-image-4974\" srcset=\"http:\/\/wgphoto.pl\/t\/wp-content\/uploads\/2024\/11\/0732-06.jpg 1300w, http:\/\/wgphoto.pl\/t\/wp-content\/uploads\/2024\/11\/0732-06-300x199.jpg 300w, http:\/\/wgphoto.pl\/t\/wp-content\/uploads\/2024\/11\/0732-06-768x509.jpg 768w\" sizes=\"auto, (max-width: 1300px) 100vw, 1300px\" \/><\/figure>\n\n\n\n<div class=\"wp-block-group has-global-padding is-layout-constrained wp-block-group-is-layout-constrained\">\n<p>SU45-175 i 220 prowadz\u0105 popo\u0142udniowy poci\u0105g osobowy z Leszna do Krotoszyna, kt\u00f3ry w\u00f3wczas planowo by\u0142 zestawiony z pojazd\u00f3w, kt\u00f3re przyjecha\u0142y do Leszna jako dwa sk\u0142ady. Poniec, 18.09.2007<\/p>\n<\/div>\n","protected":false},"excerpt":{"rendered":"<p>SU45-175 i 220 prowadz\u0105 popo\u0142udniowy poci\u0105g osobowy z Leszna do Krotoszyna, kt\u00f3ry w\u00f3wczas planowo by\u0142 zestawiony z pojazd\u00f3w, kt\u00f3re przyjecha\u0142y do Leszna jako dwa sk\u0142ady. Poniec, 18.09.2007<\/p>\n","protected":false},"author":1,"featured_media":4974,"comment_status":"open","ping_status":"","sticky":false,"template":"","format":"standard","meta":{"footnotes":""},"categories":[62,2,96],"tags":[1984,13,63,27,1983,290,515],"class_list":["post-4973","post","type-post","status-publish","format-standard","has-post-thumbnail","hentry","category-analog","category-kolej","category-rok-2007","tag-2007-09-18","tag-deszcz","tag-pkp","tag-polska","tag-poniec","tag-su45","tag-tab-pl350"],"_links":{"self":[{"href":"http:\/\/wgphoto.pl\/t\/index.php?rest_route=\/wp\/v2\/posts\/4973","targetHints":{"allow":["GET"]}}],"collection":[{"href":"http:\/\/wgphoto.pl\/t\/index.php?rest_route=\/wp\/v2\/posts"}],"about":[{"href":"http:\/\/wgphoto.pl\/t\/index.php?rest_route=\/wp\/v2\/types\/post"}],"author":[{"embeddable":true,"href":"http:\/\/wgphoto.pl\/t\/index.php?rest_route=\/wp\/v2\/users\/1"}],"replies":[{"embeddable":true,"href":"http:\/\/wgphoto.pl\/t\/index.php?rest_route=%2Fwp%2Fv2%2Fcomments&post=4973"}],"version-history":[{"count":1,"href":"http:\/\/wgphoto.pl\/t\/index.php?rest_route=\/wp\/v2\/posts\/4973\/revisions"}],"predecessor-version":[{"id":4975,"href":"http:\/\/wgphoto.pl\/t\/index.php?rest_route=\/wp\/v2\/posts\/4973\/revisions\/4975"}],"wp:featuredmedia":[{"embeddable":true,"href":"http:\/\/wgphoto.pl\/t\/index.php?rest_route=\/wp\/v2\/media\/4974"}],"wp:attachment":[{"href":"http:\/\/wgphoto.pl\/t\/index.php?rest_route=%2Fwp%2Fv2%2Fmedia&parent=4973"}],"wp:term":[{"taxonomy":"category","embeddable":true,"href":"http:\/\/wgphoto.pl\/t\/index.php?rest_route=%2Fwp%2Fv2%2Fcategories&post=4973"},{"taxonomy":"post_tag","embeddable":true,"href":"http:\/\/wgphoto.pl\/t\/index.php?rest_route=%2Fwp%2Fv2%2Ftags&post=4973"}],"curies":[{"name":"wp","href":"https:\/\/api.w.org\/{rel}","templated":true}]}}