{"id":4979,"date":"2024-11-06T18:05:07","date_gmt":"2024-11-06T17:05:07","guid":{"rendered":"https:\/\/wgphoto.pl\/t\/?p=4979"},"modified":"2024-11-06T18:05:07","modified_gmt":"2024-11-06T17:05:07","slug":"caf-unplugged","status":"publish","type":"post","link":"http:\/\/wgphoto.pl\/t\/?p=4979","title":{"rendered":"CAF unplugged"},"content":{"rendered":"\n<figure class=\"wp-block-image aligncenter size-full\"><img loading=\"lazy\" decoding=\"async\" width=\"1300\" height=\"861\" src=\"https:\/\/wgphoto.pl\/t\/wp-content\/uploads\/2024\/11\/IMGP2337.jpg\" alt=\"\" class=\"wp-image-4980\" srcset=\"http:\/\/wgphoto.pl\/t\/wp-content\/uploads\/2024\/11\/IMGP2337.jpg 1300w, http:\/\/wgphoto.pl\/t\/wp-content\/uploads\/2024\/11\/IMGP2337-300x199.jpg 300w, http:\/\/wgphoto.pl\/t\/wp-content\/uploads\/2024\/11\/IMGP2337-768x509.jpg 768w\" sizes=\"auto, (max-width: 1300px) 100vw, 1300px\" \/><\/figure>\n\n\n\n<div class=\"wp-block-group has-global-padding is-layout-constrained wp-block-group-is-layout-constrained\">\n<p>Granada, Calle Profesor Adolfo Ranca\u00f1o. Tramwaj odjecha\u0142 z przystanku pod dworcem kolejowym i korzystaj\u0105c z zasilania bateryjnego jedzie przez kampus uniwersytecki. To jeden z kilku odcink\u00f3w na tutejszej sieci, gdzie nie ma sieci trakcyjnej. 19.11.2018<\/p>\n<\/div>\n","protected":false},"excerpt":{"rendered":"<p>Granada, Calle Profesor Adolfo Ranca\u00f1o. Tramwaj odjecha\u0142 z przystanku pod dworcem kolejowym i korzystaj\u0105c z zasilania bateryjnego jedzie przez kampus uniwersytecki. To jeden z kilku odcink\u00f3w na tutejszej sieci, gdzie nie ma sieci trakcyjnej. 19.11.2018<\/p>\n","protected":false},"author":1,"featured_media":4980,"comment_status":"open","ping_status":"","sticky":false,"template":"","format":"standard","meta":{"footnotes":""},"categories":[156,3],"tags":[163,1986,157,13,158,159,160,126,113,161],"class_list":["post-4979","post","type-post","status-publish","format-standard","has-post-thumbnail","hentry","category-rok-2018","category-tramwaj","tag-2018-11-19","tag-bez-sieci","tag-caf-urbos","tag-deszcz","tag-granada","tag-hiszpania","tag-hiszpania-2018","tag-jesien","tag-landszaft","tag-metro-de-granada"],"_links":{"self":[{"href":"http:\/\/wgphoto.pl\/t\/index.php?rest_route=\/wp\/v2\/posts\/4979","targetHints":{"allow":["GET"]}}],"collection":[{"href":"http:\/\/wgphoto.pl\/t\/index.php?rest_route=\/wp\/v2\/posts"}],"about":[{"href":"http:\/\/wgphoto.pl\/t\/index.php?rest_route=\/wp\/v2\/types\/post"}],"author":[{"embeddable":true,"href":"http:\/\/wgphoto.pl\/t\/index.php?rest_route=\/wp\/v2\/users\/1"}],"replies":[{"embeddable":true,"href":"http:\/\/wgphoto.pl\/t\/index.php?rest_route=%2Fwp%2Fv2%2Fcomments&post=4979"}],"version-history":[{"count":1,"href":"http:\/\/wgphoto.pl\/t\/index.php?rest_route=\/wp\/v2\/posts\/4979\/revisions"}],"predecessor-version":[{"id":4981,"href":"http:\/\/wgphoto.pl\/t\/index.php?rest_route=\/wp\/v2\/posts\/4979\/revisions\/4981"}],"wp:featuredmedia":[{"embeddable":true,"href":"http:\/\/wgphoto.pl\/t\/index.php?rest_route=\/wp\/v2\/media\/4980"}],"wp:attachment":[{"href":"http:\/\/wgphoto.pl\/t\/index.php?rest_route=%2Fwp%2Fv2%2Fmedia&parent=4979"}],"wp:term":[{"taxonomy":"category","embeddable":true,"href":"http:\/\/wgphoto.pl\/t\/index.php?rest_route=%2Fwp%2Fv2%2Fcategories&post=4979"},{"taxonomy":"post_tag","embeddable":true,"href":"http:\/\/wgphoto.pl\/t\/index.php?rest_route=%2Fwp%2Fv2%2Ftags&post=4979"}],"curies":[{"name":"wp","href":"https:\/\/api.w.org\/{rel}","templated":true}]}}