{"id":4985,"date":"2024-11-06T18:07:11","date_gmt":"2024-11-06T17:07:11","guid":{"rendered":"https:\/\/wgphoto.pl\/t\/?p=4985"},"modified":"2025-07-07T23:13:59","modified_gmt":"2025-07-07T21:13:59","slug":"niespodziewanie","status":"publish","type":"post","link":"http:\/\/wgphoto.pl\/t\/?p=4985","title":{"rendered":"Niespodziewanie"},"content":{"rendered":"\n<figure class=\"wp-block-image aligncenter size-full\"><img loading=\"lazy\" decoding=\"async\" width=\"1300\" height=\"861\" src=\"https:\/\/wgphoto.pl\/t\/wp-content\/uploads\/2024\/11\/IMGP9818.jpg\" alt=\"\" class=\"wp-image-4986\" srcset=\"http:\/\/wgphoto.pl\/t\/wp-content\/uploads\/2024\/11\/IMGP9818.jpg 1300w, http:\/\/wgphoto.pl\/t\/wp-content\/uploads\/2024\/11\/IMGP9818-300x199.jpg 300w, http:\/\/wgphoto.pl\/t\/wp-content\/uploads\/2024\/11\/IMGP9818-768x509.jpg 768w\" sizes=\"auto, (max-width: 1300px) 100vw, 1300px\" \/><\/figure>\n\n\n\n<div class=\"wp-block-group has-global-padding is-layout-constrained wp-block-group-is-layout-constrained\">\n<p>Na stacji \u00dast\u00ed nad Orlic\u00ed ruch jest tak du\u017cy, \u017ce w ci\u0105gu kilkunastominutowej przesiadki mo\u017cna z\u0142apa\u0107 kilka poci\u0105g\u00f3w najr\u00f3\u017cniejszych typ\u00f3w. Niespodziewanym go\u015bciem okaza\u0142 si\u0119 zestaw prywatnej Bobiny (najprawdopodobniej) 140.052 ze Stadlerem GTW, kt\u00f3ry nied\u0142ugo p\u00f3\u017aniej trafi\u0142 do siatki po\u0142\u0105cze\u0144 Arrivy w Zlinskim Kraju (docelowo ma ich tam je\u017adzi\u0107 osiem). 29.08.2020<\/p>\n<\/div>\n","protected":false},"excerpt":{"rendered":"<p>Na stacji \u00dast\u00ed nad Orlic\u00ed ruch jest tak du\u017cy, \u017ce w ci\u0105gu kilkunastominutowej przesiadki mo\u017cna z\u0142apa\u0107 kilka poci\u0105g\u00f3w najr\u00f3\u017cniejszych typ\u00f3w. Niespodziewanym go\u015bciem okaza\u0142 si\u0119 zestaw prywatnej Bobiny (najprawdopodobniej) 140.052 ze Stadlerem GTW, kt\u00f3ry nied\u0142ugo p\u00f3\u017aniej trafi\u0142 do siatki po\u0142\u0105cze\u0144 Arrivy w Zlinskim Kraju (docelowo ma ich tam je\u017adzi\u0107 osiem). 29.08.2020<\/p>\n","protected":false},"author":1,"featured_media":4986,"comment_status":"open","ping_status":"","sticky":false,"template":"","format":"standard","meta":{"footnotes":""},"categories":[2,676],"tags":[808,1941,1988,49,1942,1375,87],"class_list":["post-4985","post","type-post","status-publish","format-standard","has-post-thumbnail","hentry","category-kolej","category-rok-2020","tag-808","tag-2020-08-29","tag-arriva","tag-czechy","tag-morawy-2020","tag-tab-cz010","tag-usti-nad-orlici"],"_links":{"self":[{"href":"http:\/\/wgphoto.pl\/t\/index.php?rest_route=\/wp\/v2\/posts\/4985","targetHints":{"allow":["GET"]}}],"collection":[{"href":"http:\/\/wgphoto.pl\/t\/index.php?rest_route=\/wp\/v2\/posts"}],"about":[{"href":"http:\/\/wgphoto.pl\/t\/index.php?rest_route=\/wp\/v2\/types\/post"}],"author":[{"embeddable":true,"href":"http:\/\/wgphoto.pl\/t\/index.php?rest_route=\/wp\/v2\/users\/1"}],"replies":[{"embeddable":true,"href":"http:\/\/wgphoto.pl\/t\/index.php?rest_route=%2Fwp%2Fv2%2Fcomments&post=4985"}],"version-history":[{"count":1,"href":"http:\/\/wgphoto.pl\/t\/index.php?rest_route=\/wp\/v2\/posts\/4985\/revisions"}],"predecessor-version":[{"id":4987,"href":"http:\/\/wgphoto.pl\/t\/index.php?rest_route=\/wp\/v2\/posts\/4985\/revisions\/4987"}],"wp:featuredmedia":[{"embeddable":true,"href":"http:\/\/wgphoto.pl\/t\/index.php?rest_route=\/wp\/v2\/media\/4986"}],"wp:attachment":[{"href":"http:\/\/wgphoto.pl\/t\/index.php?rest_route=%2Fwp%2Fv2%2Fmedia&parent=4985"}],"wp:term":[{"taxonomy":"category","embeddable":true,"href":"http:\/\/wgphoto.pl\/t\/index.php?rest_route=%2Fwp%2Fv2%2Fcategories&post=4985"},{"taxonomy":"post_tag","embeddable":true,"href":"http:\/\/wgphoto.pl\/t\/index.php?rest_route=%2Fwp%2Fv2%2Ftags&post=4985"}],"curies":[{"name":"wp","href":"https:\/\/api.w.org\/{rel}","templated":true}]}}