{"id":4988,"date":"2024-11-06T18:08:16","date_gmt":"2024-11-06T17:08:16","guid":{"rendered":"https:\/\/wgphoto.pl\/t\/?p=4988"},"modified":"2024-11-06T18:08:32","modified_gmt":"2024-11-06T17:08:32","slug":"zelazko-nad-luznica","status":"publish","type":"post","link":"http:\/\/wgphoto.pl\/t\/?p=4988","title":{"rendered":"\u017belazko nad Lu\u017cnic\u0105"},"content":{"rendered":"\n<figure class=\"wp-block-image aligncenter size-full\"><img loading=\"lazy\" decoding=\"async\" width=\"1300\" height=\"861\" src=\"https:\/\/wgphoto.pl\/t\/wp-content\/uploads\/2024\/11\/IMGP9014-1.jpg\" alt=\"\" class=\"wp-image-4990\" srcset=\"http:\/\/wgphoto.pl\/t\/wp-content\/uploads\/2024\/11\/IMGP9014-1.jpg 1300w, http:\/\/wgphoto.pl\/t\/wp-content\/uploads\/2024\/11\/IMGP9014-1-300x199.jpg 300w, http:\/\/wgphoto.pl\/t\/wp-content\/uploads\/2024\/11\/IMGP9014-1-768x509.jpg 768w\" sizes=\"auto, (max-width: 1300px) 100vw, 1300px\" \/><\/figure>\n\n\n\n<div class=\"wp-block-group has-global-padding is-layout-constrained wp-block-group-is-layout-constrained\">\n<p>\u017belazko 113.003-8 z poci\u0105giem osobowym 28423 z Bechyn\u011b do T\u00e1bora przeje\u017cd\u017ca przez most nad rzek\u0105 Lu\u017enice par\u0119 kilometr\u00f3w przed stacj\u0105 docelow\u0105. Ale\u017c by\u0142oby tu pi\u0119knie jesieni\u0105! 25.07.2020<\/p>\n<\/div>\n","protected":false},"excerpt":{"rendered":"<p>\u017belazko 113.003-8 z poci\u0105giem osobowym 28423 z Bechyn\u011b do T\u00e1bora przeje\u017cd\u017ca przez most nad rzek\u0105 Lu\u017enice par\u0119 kilometr\u00f3w przed stacj\u0105 docelow\u0105. Ale\u017c by\u0142oby tu pi\u0119knie jesieni\u0105! 25.07.2020<\/p>\n","protected":false},"author":1,"featured_media":4990,"comment_status":"open","ping_status":"","sticky":false,"template":"","format":"standard","meta":{"footnotes":""},"categories":[2,676],"tags":[1989,1888,50,49,1891,196,395,45,73,1542,1889],"class_list":["post-4988","post","type-post","status-publish","format-standard","has-post-thumbnail","hentry","category-kolej","category-rok-2020","tag-1989","tag-2020-07-25","tag-cd","tag-czechy","tag-horky-u-tabora","tag-linie-raczej-lokalne","tag-lustro","tag-most","tag-rzeka","tag-tab-cz202","tag-tabor"],"_links":{"self":[{"href":"http:\/\/wgphoto.pl\/t\/index.php?rest_route=\/wp\/v2\/posts\/4988","targetHints":{"allow":["GET"]}}],"collection":[{"href":"http:\/\/wgphoto.pl\/t\/index.php?rest_route=\/wp\/v2\/posts"}],"about":[{"href":"http:\/\/wgphoto.pl\/t\/index.php?rest_route=\/wp\/v2\/types\/post"}],"author":[{"embeddable":true,"href":"http:\/\/wgphoto.pl\/t\/index.php?rest_route=\/wp\/v2\/users\/1"}],"replies":[{"embeddable":true,"href":"http:\/\/wgphoto.pl\/t\/index.php?rest_route=%2Fwp%2Fv2%2Fcomments&post=4988"}],"version-history":[{"count":1,"href":"http:\/\/wgphoto.pl\/t\/index.php?rest_route=\/wp\/v2\/posts\/4988\/revisions"}],"predecessor-version":[{"id":4991,"href":"http:\/\/wgphoto.pl\/t\/index.php?rest_route=\/wp\/v2\/posts\/4988\/revisions\/4991"}],"wp:featuredmedia":[{"embeddable":true,"href":"http:\/\/wgphoto.pl\/t\/index.php?rest_route=\/wp\/v2\/media\/4990"}],"wp:attachment":[{"href":"http:\/\/wgphoto.pl\/t\/index.php?rest_route=%2Fwp%2Fv2%2Fmedia&parent=4988"}],"wp:term":[{"taxonomy":"category","embeddable":true,"href":"http:\/\/wgphoto.pl\/t\/index.php?rest_route=%2Fwp%2Fv2%2Fcategories&post=4988"},{"taxonomy":"post_tag","embeddable":true,"href":"http:\/\/wgphoto.pl\/t\/index.php?rest_route=%2Fwp%2Fv2%2Ftags&post=4988"}],"curies":[{"name":"wp","href":"https:\/\/api.w.org\/{rel}","templated":true}]}}