{"id":5043,"date":"2024-11-06T18:40:16","date_gmt":"2024-11-06T17:40:16","guid":{"rendered":"https:\/\/wgphoto.pl\/t\/?p=5043"},"modified":"2024-11-06T18:40:16","modified_gmt":"2024-11-06T17:40:16","slug":"zaglebiowska-kombinatoryka","status":"publish","type":"post","link":"http:\/\/wgphoto.pl\/t\/?p=5043","title":{"rendered":"Zag\u0142\u0119biowska kombinatoryka"},"content":{"rendered":"\n<figure class=\"wp-block-image aligncenter size-full\"><img loading=\"lazy\" decoding=\"async\" width=\"1300\" height=\"867\" src=\"https:\/\/wgphoto.pl\/t\/wp-content\/uploads\/2024\/11\/0812-01.jpg\" alt=\"\" class=\"wp-image-5044\" srcset=\"http:\/\/wgphoto.pl\/t\/wp-content\/uploads\/2024\/11\/0812-01.jpg 1300w, http:\/\/wgphoto.pl\/t\/wp-content\/uploads\/2024\/11\/0812-01-300x200.jpg 300w, http:\/\/wgphoto.pl\/t\/wp-content\/uploads\/2024\/11\/0812-01-768x512.jpg 768w\" sizes=\"auto, (max-width: 1300px) 100vw, 1300px\" \/><\/figure>\n\n\n\n<div class=\"wp-block-group has-global-padding is-layout-constrained wp-block-group-is-layout-constrained\">\n<p>105Na 566 wyrusza z Czeladzi w kierunku B\u0119dzina, a docelowo do D\u0105browy G\u00f3rniczej. Kombinatoryka, kt\u00f3rej efektem ubocznym jest s\u0142up stoj\u0105cy na tramwaju (kt\u00f3ry mnie akurat zupe\u0142nie nie k\u0142uje w oczy), mia\u0142a na celu skontrastowanie obiektu sakralnego, widocznego w tle, z obiektem przemys\u0142owym, znajduj\u0105cym si\u0119 na jeszcze dalszym planie. 26.08.2008<\/p>\n<\/div>\n","protected":false},"excerpt":{"rendered":"<p>105Na 566 wyrusza z Czeladzi w kierunku B\u0119dzina, a docelowo do D\u0105browy G\u00f3rniczej. Kombinatoryka, kt\u00f3rej efektem ubocznym jest s\u0142up stoj\u0105cy na tramwaju (kt\u00f3ry mnie akurat zupe\u0142nie nie k\u0142uje w oczy), mia\u0142a na celu skontrastowanie obiektu sakralnego, widocznego w tle, z obiektem przemys\u0142owym, znajduj\u0105cym si\u0119 na jeszcze dalszym planie. 26.08.2008<\/p>\n","protected":false},"author":1,"featured_media":5044,"comment_status":"open","ping_status":"","sticky":false,"template":"","format":"standard","meta":{"footnotes":""},"categories":[62,120,3],"tags":[155,280,34,2006,277,303,279],"class_list":["post-5043","post","type-post","status-publish","format-standard","has-post-thumbnail","hentry","category-analog","category-rok-2008","category-tramwaj","tag-105na","tag-2008-08-26","tag-architektura","tag-czeladz","tag-gop","tag-industrial","tag-tramwaje-slaskie"],"_links":{"self":[{"href":"http:\/\/wgphoto.pl\/t\/index.php?rest_route=\/wp\/v2\/posts\/5043","targetHints":{"allow":["GET"]}}],"collection":[{"href":"http:\/\/wgphoto.pl\/t\/index.php?rest_route=\/wp\/v2\/posts"}],"about":[{"href":"http:\/\/wgphoto.pl\/t\/index.php?rest_route=\/wp\/v2\/types\/post"}],"author":[{"embeddable":true,"href":"http:\/\/wgphoto.pl\/t\/index.php?rest_route=\/wp\/v2\/users\/1"}],"replies":[{"embeddable":true,"href":"http:\/\/wgphoto.pl\/t\/index.php?rest_route=%2Fwp%2Fv2%2Fcomments&post=5043"}],"version-history":[{"count":1,"href":"http:\/\/wgphoto.pl\/t\/index.php?rest_route=\/wp\/v2\/posts\/5043\/revisions"}],"predecessor-version":[{"id":5045,"href":"http:\/\/wgphoto.pl\/t\/index.php?rest_route=\/wp\/v2\/posts\/5043\/revisions\/5045"}],"wp:featuredmedia":[{"embeddable":true,"href":"http:\/\/wgphoto.pl\/t\/index.php?rest_route=\/wp\/v2\/media\/5044"}],"wp:attachment":[{"href":"http:\/\/wgphoto.pl\/t\/index.php?rest_route=%2Fwp%2Fv2%2Fmedia&parent=5043"}],"wp:term":[{"taxonomy":"category","embeddable":true,"href":"http:\/\/wgphoto.pl\/t\/index.php?rest_route=%2Fwp%2Fv2%2Fcategories&post=5043"},{"taxonomy":"post_tag","embeddable":true,"href":"http:\/\/wgphoto.pl\/t\/index.php?rest_route=%2Fwp%2Fv2%2Ftags&post=5043"}],"curies":[{"name":"wp","href":"https:\/\/api.w.org\/{rel}","templated":true}]}}