{"id":5070,"date":"2024-11-07T17:03:25","date_gmt":"2024-11-07T16:03:25","guid":{"rendered":"https:\/\/wgphoto.pl\/t\/?p=5070"},"modified":"2024-11-07T17:03:25","modified_gmt":"2024-11-07T16:03:25","slug":"pocztowka-z-konca-swiata","status":"publish","type":"post","link":"http:\/\/wgphoto.pl\/t\/?p=5070","title":{"rendered":"Poczt\u00f3wka z ko\u0144ca \u015bwiata"},"content":{"rendered":"\n<figure class=\"wp-block-image aligncenter size-full\"><img loading=\"lazy\" decoding=\"async\" width=\"1300\" height=\"861\" src=\"https:\/\/wgphoto.pl\/t\/wp-content\/uploads\/2024\/11\/IMGP6295-1.jpg\" alt=\"\" class=\"wp-image-5072\" srcset=\"http:\/\/wgphoto.pl\/t\/wp-content\/uploads\/2024\/11\/IMGP6295-1.jpg 1300w, http:\/\/wgphoto.pl\/t\/wp-content\/uploads\/2024\/11\/IMGP6295-1-300x199.jpg 300w, http:\/\/wgphoto.pl\/t\/wp-content\/uploads\/2024\/11\/IMGP6295-1-768x509.jpg 768w\" sizes=\"auto, (max-width: 1300px) 100vw, 1300px\" \/><\/figure>\n\n\n\n<div class=\"wp-block-group has-global-padding is-layout-constrained wp-block-group-is-layout-constrained\">\n<p>Na stacji Girb\u0103u w miejscowo\u015bci G\u00e2rb\u0103u zatrzymuje si\u0119 poci\u0105g regionalny do Klu\u017cu-Napoki. Pomimo jesieni by\u0142o wtedy bardzo ciep\u0142o, lecz klimatyzacja w poje\u017adzie, jak wida\u0107, nie dzia\u0142a\u0142a. Lewy reflektor r\u00f3wnie\u017c, mo\u017cna si\u0119 obok niego dopatrze\u0107 \u015blad\u00f3w kolizji. Rumu\u0144skie Desira by\u0142y na og\u00f3\u0142 bardzo zaniedbane. Stacja natomiast najwidoczniej niedawno zacz\u0119\u0142a si\u0119 zwija\u0107, dzia\u0142a\u0142a (jeszcze?) jako posterunek odst\u0119powy. 20.10.2019<\/p>\n<\/div>\n","protected":false},"excerpt":{"rendered":"<p>Na stacji Girb\u0103u w miejscowo\u015bci G\u00e2rb\u0103u zatrzymuje si\u0119 poci\u0105g regionalny do Klu\u017cu-Napoki. Pomimo jesieni by\u0142o wtedy bardzo ciep\u0142o, lecz klimatyzacja w poje\u017adzie, jak wida\u0107, nie dzia\u0142a\u0142a. Lewy reflektor r\u00f3wnie\u017c, mo\u017cna si\u0119 obok niego dopatrze\u0107 \u015blad\u00f3w kolizji. Rumu\u0144skie Desira by\u0142y na og\u00f3\u0142 bardzo zaniedbane. Stacja natomiast najwidoczniej niedawno zacz\u0119\u0142a si\u0119 zwija\u0107, dzia\u0142a\u0142a (jeszcze?) jako posterunek odst\u0119powy. [&hellip;]<\/p>\n","protected":false},"author":1,"featured_media":5072,"comment_status":"open","ping_status":"","sticky":false,"template":"","format":"standard","meta":{"footnotes":""},"categories":[2,136],"tags":[968,958,256,1448,126,1186,574,53,575],"class_list":["post-5070","post","type-post","status-publish","format-standard","has-post-thumbnail","hentry","category-kolej","category-rok-2019","tag-2019-10-20","tag-cfr","tag-desiro","tag-garbau","tag-jesien","tag-na-wsiadanego","tag-rumunia","tag-sygnalizacja-ksztaltowa","tag-wakacje-2019"],"_links":{"self":[{"href":"http:\/\/wgphoto.pl\/t\/index.php?rest_route=\/wp\/v2\/posts\/5070","targetHints":{"allow":["GET"]}}],"collection":[{"href":"http:\/\/wgphoto.pl\/t\/index.php?rest_route=\/wp\/v2\/posts"}],"about":[{"href":"http:\/\/wgphoto.pl\/t\/index.php?rest_route=\/wp\/v2\/types\/post"}],"author":[{"embeddable":true,"href":"http:\/\/wgphoto.pl\/t\/index.php?rest_route=\/wp\/v2\/users\/1"}],"replies":[{"embeddable":true,"href":"http:\/\/wgphoto.pl\/t\/index.php?rest_route=%2Fwp%2Fv2%2Fcomments&post=5070"}],"version-history":[{"count":1,"href":"http:\/\/wgphoto.pl\/t\/index.php?rest_route=\/wp\/v2\/posts\/5070\/revisions"}],"predecessor-version":[{"id":5073,"href":"http:\/\/wgphoto.pl\/t\/index.php?rest_route=\/wp\/v2\/posts\/5070\/revisions\/5073"}],"wp:featuredmedia":[{"embeddable":true,"href":"http:\/\/wgphoto.pl\/t\/index.php?rest_route=\/wp\/v2\/media\/5072"}],"wp:attachment":[{"href":"http:\/\/wgphoto.pl\/t\/index.php?rest_route=%2Fwp%2Fv2%2Fmedia&parent=5070"}],"wp:term":[{"taxonomy":"category","embeddable":true,"href":"http:\/\/wgphoto.pl\/t\/index.php?rest_route=%2Fwp%2Fv2%2Fcategories&post=5070"},{"taxonomy":"post_tag","embeddable":true,"href":"http:\/\/wgphoto.pl\/t\/index.php?rest_route=%2Fwp%2Fv2%2Ftags&post=5070"}],"curies":[{"name":"wp","href":"https:\/\/api.w.org\/{rel}","templated":true}]}}