{"id":5083,"date":"2024-11-07T17:08:00","date_gmt":"2024-11-07T16:08:00","guid":{"rendered":"https:\/\/wgphoto.pl\/t\/?p=5083"},"modified":"2024-11-29T19:01:44","modified_gmt":"2024-11-29T18:01:44","slug":"451-045-9-praha-hl-n","status":"publish","type":"post","link":"http:\/\/wgphoto.pl\/t\/?p=5083","title":{"rendered":"451.045-9, Praha hl.n."},"content":{"rendered":"\n<figure class=\"wp-block-image aligncenter size-full\"><img loading=\"lazy\" decoding=\"async\" width=\"1067\" height=\"800\" src=\"https:\/\/wgphoto.pl\/t\/wp-content\/uploads\/2024\/11\/DSCF7519.jpg\" alt=\"\" class=\"wp-image-5084\" srcset=\"http:\/\/wgphoto.pl\/t\/wp-content\/uploads\/2024\/11\/DSCF7519.jpg 1067w, http:\/\/wgphoto.pl\/t\/wp-content\/uploads\/2024\/11\/DSCF7519-300x225.jpg 300w, http:\/\/wgphoto.pl\/t\/wp-content\/uploads\/2024\/11\/DSCF7519-768x576.jpg 768w\" sizes=\"auto, (max-width: 1067px) 100vw, 1067px\" \/><\/figure>\n\n\n\n<div class=\"wp-block-group has-global-padding is-layout-constrained wp-block-group-is-layout-constrained\">\n<p>City Frog 451.045-9 na ko\u0144cu sk\u0142adu poci\u0105gu osobowego 9964 do Berouna. 11.09.2008<\/p>\n<\/div>\n","protected":false},"excerpt":{"rendered":"<p>City Frog 451.045-9 na ko\u0144cu sk\u0142adu poci\u0105gu osobowego 9964 do Berouna. 11.09.2008<\/p>\n","protected":false},"author":1,"featured_media":5084,"comment_status":"open","ping_status":"","sticky":false,"template":"","format":"standard","meta":{"footnotes":""},"categories":[2,120],"tags":[715,972,50,49,2447,179,154,52,703],"class_list":["post-5083","post","type-post","status-publish","format-standard","has-post-thumbnail","hentry","category-kolej","category-rok-2008","tag-2008-09-11","tag-972","tag-cd","tag-czechy","tag-dworzec-glowny-w-stolicy","tag-hala-peronowa","tag-noc","tag-praga","tag-praha-hlavni-nadrazi"],"_links":{"self":[{"href":"http:\/\/wgphoto.pl\/t\/index.php?rest_route=\/wp\/v2\/posts\/5083","targetHints":{"allow":["GET"]}}],"collection":[{"href":"http:\/\/wgphoto.pl\/t\/index.php?rest_route=\/wp\/v2\/posts"}],"about":[{"href":"http:\/\/wgphoto.pl\/t\/index.php?rest_route=\/wp\/v2\/types\/post"}],"author":[{"embeddable":true,"href":"http:\/\/wgphoto.pl\/t\/index.php?rest_route=\/wp\/v2\/users\/1"}],"replies":[{"embeddable":true,"href":"http:\/\/wgphoto.pl\/t\/index.php?rest_route=%2Fwp%2Fv2%2Fcomments&post=5083"}],"version-history":[{"count":1,"href":"http:\/\/wgphoto.pl\/t\/index.php?rest_route=\/wp\/v2\/posts\/5083\/revisions"}],"predecessor-version":[{"id":5085,"href":"http:\/\/wgphoto.pl\/t\/index.php?rest_route=\/wp\/v2\/posts\/5083\/revisions\/5085"}],"wp:featuredmedia":[{"embeddable":true,"href":"http:\/\/wgphoto.pl\/t\/index.php?rest_route=\/wp\/v2\/media\/5084"}],"wp:attachment":[{"href":"http:\/\/wgphoto.pl\/t\/index.php?rest_route=%2Fwp%2Fv2%2Fmedia&parent=5083"}],"wp:term":[{"taxonomy":"category","embeddable":true,"href":"http:\/\/wgphoto.pl\/t\/index.php?rest_route=%2Fwp%2Fv2%2Fcategories&post=5083"},{"taxonomy":"post_tag","embeddable":true,"href":"http:\/\/wgphoto.pl\/t\/index.php?rest_route=%2Fwp%2Fv2%2Ftags&post=5083"}],"curies":[{"name":"wp","href":"https:\/\/api.w.org\/{rel}","templated":true}]}}