{"id":5152,"date":"2024-11-07T22:46:48","date_gmt":"2024-11-07T21:46:48","guid":{"rendered":"https:\/\/wgphoto.pl\/t\/?p=5152"},"modified":"2024-11-07T22:46:48","modified_gmt":"2024-11-07T21:46:48","slug":"et41-058-w-zieleni","status":"publish","type":"post","link":"http:\/\/wgphoto.pl\/t\/?p=5152","title":{"rendered":"ET41-058 w zieleni"},"content":{"rendered":"\n<figure class=\"wp-block-image aligncenter size-full\"><img loading=\"lazy\" decoding=\"async\" width=\"1000\" height=\"800\" src=\"https:\/\/wgphoto.pl\/t\/wp-content\/uploads\/2024\/11\/0511-25.jpg\" alt=\"\" class=\"wp-image-5153\" srcset=\"http:\/\/wgphoto.pl\/t\/wp-content\/uploads\/2024\/11\/0511-25.jpg 1000w, http:\/\/wgphoto.pl\/t\/wp-content\/uploads\/2024\/11\/0511-25-300x240.jpg 300w, http:\/\/wgphoto.pl\/t\/wp-content\/uploads\/2024\/11\/0511-25-768x614.jpg 768w\" sizes=\"auto, (max-width: 1000px) 100vw, 1000px\" \/><\/figure>\n\n\n\n<div class=\"wp-block-group has-global-padding is-layout-constrained wp-block-group-is-layout-constrained\">\n<p>ET41-058 z w\u0119glarkami na szlaku Wa\u0142brzych Miasto &#8211; Wa\u0142brzych Fabryczny. [26.05.2005]<\/p>\n<\/div>\n","protected":false},"excerpt":{"rendered":"<p>ET41-058 z w\u0119glarkami na szlaku Wa\u0142brzych Miasto &#8211; Wa\u0142brzych Fabryczny. [26.05.2005]<\/p>\n","protected":false},"author":1,"featured_media":5153,"comment_status":"open","ping_status":"","sticky":false,"template":"","format":"standard","meta":{"footnotes":""},"categories":[62,2,311],"tags":[1106,259,63,27,200,1878,1424],"class_list":["post-5152","post","type-post","status-publish","format-standard","has-post-thumbnail","hentry","category-analog","category-kolej","category-rok-2005","tag-2005-05-26","tag-et41","tag-pkp","tag-polska","tag-tab-pl240","tag-walbrzych-fabryczny","tag-walbrzych-miasto"],"_links":{"self":[{"href":"http:\/\/wgphoto.pl\/t\/index.php?rest_route=\/wp\/v2\/posts\/5152","targetHints":{"allow":["GET"]}}],"collection":[{"href":"http:\/\/wgphoto.pl\/t\/index.php?rest_route=\/wp\/v2\/posts"}],"about":[{"href":"http:\/\/wgphoto.pl\/t\/index.php?rest_route=\/wp\/v2\/types\/post"}],"author":[{"embeddable":true,"href":"http:\/\/wgphoto.pl\/t\/index.php?rest_route=\/wp\/v2\/users\/1"}],"replies":[{"embeddable":true,"href":"http:\/\/wgphoto.pl\/t\/index.php?rest_route=%2Fwp%2Fv2%2Fcomments&post=5152"}],"version-history":[{"count":1,"href":"http:\/\/wgphoto.pl\/t\/index.php?rest_route=\/wp\/v2\/posts\/5152\/revisions"}],"predecessor-version":[{"id":5154,"href":"http:\/\/wgphoto.pl\/t\/index.php?rest_route=\/wp\/v2\/posts\/5152\/revisions\/5154"}],"wp:featuredmedia":[{"embeddable":true,"href":"http:\/\/wgphoto.pl\/t\/index.php?rest_route=\/wp\/v2\/media\/5153"}],"wp:attachment":[{"href":"http:\/\/wgphoto.pl\/t\/index.php?rest_route=%2Fwp%2Fv2%2Fmedia&parent=5152"}],"wp:term":[{"taxonomy":"category","embeddable":true,"href":"http:\/\/wgphoto.pl\/t\/index.php?rest_route=%2Fwp%2Fv2%2Fcategories&post=5152"},{"taxonomy":"post_tag","embeddable":true,"href":"http:\/\/wgphoto.pl\/t\/index.php?rest_route=%2Fwp%2Fv2%2Ftags&post=5152"}],"curies":[{"name":"wp","href":"https:\/\/api.w.org\/{rel}","templated":true}]}}