{"id":5191,"date":"2024-11-09T11:53:33","date_gmt":"2024-11-09T10:53:33","guid":{"rendered":"https:\/\/wgphoto.pl\/t\/?p=5191"},"modified":"2024-11-09T11:53:33","modified_gmt":"2024-11-09T10:53:33","slug":"grudniowy-powiew-wakacji","status":"publish","type":"post","link":"http:\/\/wgphoto.pl\/t\/?p=5191","title":{"rendered":"Grudniowy powiew wakacji"},"content":{"rendered":"\n<figure class=\"wp-block-image aligncenter size-full\"><img loading=\"lazy\" decoding=\"async\" width=\"1300\" height=\"870\" src=\"https:\/\/wgphoto.pl\/t\/wp-content\/uploads\/2024\/11\/IMGP1402.jpg\" alt=\"\" class=\"wp-image-5192\" srcset=\"http:\/\/wgphoto.pl\/t\/wp-content\/uploads\/2024\/11\/IMGP1402.jpg 1300w, http:\/\/wgphoto.pl\/t\/wp-content\/uploads\/2024\/11\/IMGP1402-300x201.jpg 300w, http:\/\/wgphoto.pl\/t\/wp-content\/uploads\/2024\/11\/IMGP1402-768x514.jpg 768w\" sizes=\"auto, (max-width: 1300px) 100vw, 1300px\" \/><\/figure>\n\n\n\n<div class=\"wp-block-group has-global-padding is-layout-constrained wp-block-group-is-layout-constrained\">\n<p>Walencja, Avenida de los Naranjos. CAF w grudniowym s\u0142o\u0144cu mija palmy jad\u0105c alej\u0105 Drzew Pomara\u0144czowych, kt\u00f3re istotnie wzd\u0142u\u017c niej rosn\u0105, ale kawa\u0142ek dalej. 06.12.2012<\/p>\n<\/div>\n","protected":false},"excerpt":{"rendered":"<p>Walencja, Avenida de los Naranjos. CAF w grudniowym s\u0142o\u0144cu mija palmy jad\u0105c alej\u0105 Drzew Pomara\u0144czowych, kt\u00f3re istotnie wzd\u0142u\u017c niej rosn\u0105, ale kawa\u0142ek dalej. 06.12.2012<\/p>\n","protected":false},"author":1,"featured_media":5192,"comment_status":"open","ping_status":"","sticky":false,"template":"","format":"standard","meta":{"footnotes":""},"categories":[46,3],"tags":[862,863,159,1113,861],"class_list":["post-5191","post","type-post","status-publish","format-standard","has-post-thumbnail","hentry","category-rok-2012","category-tramwaj","tag-2012-12-06","tag-fgv-valencia","tag-hiszpania","tag-roslinnosc","tag-walencja"],"_links":{"self":[{"href":"http:\/\/wgphoto.pl\/t\/index.php?rest_route=\/wp\/v2\/posts\/5191","targetHints":{"allow":["GET"]}}],"collection":[{"href":"http:\/\/wgphoto.pl\/t\/index.php?rest_route=\/wp\/v2\/posts"}],"about":[{"href":"http:\/\/wgphoto.pl\/t\/index.php?rest_route=\/wp\/v2\/types\/post"}],"author":[{"embeddable":true,"href":"http:\/\/wgphoto.pl\/t\/index.php?rest_route=\/wp\/v2\/users\/1"}],"replies":[{"embeddable":true,"href":"http:\/\/wgphoto.pl\/t\/index.php?rest_route=%2Fwp%2Fv2%2Fcomments&post=5191"}],"version-history":[{"count":1,"href":"http:\/\/wgphoto.pl\/t\/index.php?rest_route=\/wp\/v2\/posts\/5191\/revisions"}],"predecessor-version":[{"id":5193,"href":"http:\/\/wgphoto.pl\/t\/index.php?rest_route=\/wp\/v2\/posts\/5191\/revisions\/5193"}],"wp:featuredmedia":[{"embeddable":true,"href":"http:\/\/wgphoto.pl\/t\/index.php?rest_route=\/wp\/v2\/media\/5192"}],"wp:attachment":[{"href":"http:\/\/wgphoto.pl\/t\/index.php?rest_route=%2Fwp%2Fv2%2Fmedia&parent=5191"}],"wp:term":[{"taxonomy":"category","embeddable":true,"href":"http:\/\/wgphoto.pl\/t\/index.php?rest_route=%2Fwp%2Fv2%2Fcategories&post=5191"},{"taxonomy":"post_tag","embeddable":true,"href":"http:\/\/wgphoto.pl\/t\/index.php?rest_route=%2Fwp%2Fv2%2Ftags&post=5191"}],"curies":[{"name":"wp","href":"https:\/\/api.w.org\/{rel}","templated":true}]}}