{"id":5194,"date":"2024-11-09T11:54:43","date_gmt":"2024-11-09T10:54:43","guid":{"rendered":"https:\/\/wgphoto.pl\/t\/?p=5194"},"modified":"2024-11-09T11:54:43","modified_gmt":"2024-11-09T10:54:43","slug":"listopadowa-szarowka","status":"publish","type":"post","link":"http:\/\/wgphoto.pl\/t\/?p=5194","title":{"rendered":"Listopadowa szar\u00f3wka"},"content":{"rendered":"\n<figure class=\"wp-block-image aligncenter size-full\"><img loading=\"lazy\" decoding=\"async\" width=\"750\" height=\"1000\" src=\"https:\/\/wgphoto.pl\/t\/wp-content\/uploads\/2024\/11\/IMGP0437.jpg\" alt=\"\" class=\"wp-image-5195\" srcset=\"http:\/\/wgphoto.pl\/t\/wp-content\/uploads\/2024\/11\/IMGP0437.jpg 750w, http:\/\/wgphoto.pl\/t\/wp-content\/uploads\/2024\/11\/IMGP0437-225x300.jpg 225w\" sizes=\"auto, (max-width: 750px) 100vw, 750px\" \/><\/figure>\n\n\n\n<div class=\"wp-block-group has-global-padding is-layout-constrained wp-block-group-is-layout-constrained\">\n<p>Wroc\u0142aw, ul. Grabiszy\u0144ska. Dwie \u0160kody (3015 i 3128) w obs\u0142udze linii E7 mijaj\u0105 si\u0119 w obr\u0119bie przystanku (w\u00f3wczas jeszcze) <em>Fadroma<\/em>. 01.11.2012<\/p>\n<\/div>\n","protected":false},"excerpt":{"rendered":"<p>Wroc\u0142aw, ul. Grabiszy\u0144ska. Dwie \u0160kody (3015 i 3128) w obs\u0142udze linii E7 mijaj\u0105 si\u0119 w obr\u0119bie przystanku (w\u00f3wczas jeszcze) Fadroma. 01.11.2012<\/p>\n","protected":false},"author":1,"featured_media":5195,"comment_status":"open","ping_status":"","sticky":false,"template":"","format":"standard","meta":{"footnotes":""},"categories":[128,46,3],"tags":[2042,91,13,173,389,42,32,27,215,1493,216,90,41,127],"class_list":["post-5194","post","type-post","status-publish","format-standard","has-post-thumbnail","hentry","category-pionowe","category-rok-2012","category-tramwaj","tag-2012-11-01","tag-blue-hour","tag-deszcz","tag-koncowki","tag-mijanka","tag-mpk-wroclaw","tag-pionowe","tag-polska","tag-skoda-16t","tag-skoda-19t","tag-skoda-elektra","tag-wieczorem","tag-wroclaw","tag-wroclawskie-e"],"_links":{"self":[{"href":"http:\/\/wgphoto.pl\/t\/index.php?rest_route=\/wp\/v2\/posts\/5194","targetHints":{"allow":["GET"]}}],"collection":[{"href":"http:\/\/wgphoto.pl\/t\/index.php?rest_route=\/wp\/v2\/posts"}],"about":[{"href":"http:\/\/wgphoto.pl\/t\/index.php?rest_route=\/wp\/v2\/types\/post"}],"author":[{"embeddable":true,"href":"http:\/\/wgphoto.pl\/t\/index.php?rest_route=\/wp\/v2\/users\/1"}],"replies":[{"embeddable":true,"href":"http:\/\/wgphoto.pl\/t\/index.php?rest_route=%2Fwp%2Fv2%2Fcomments&post=5194"}],"version-history":[{"count":1,"href":"http:\/\/wgphoto.pl\/t\/index.php?rest_route=\/wp\/v2\/posts\/5194\/revisions"}],"predecessor-version":[{"id":5196,"href":"http:\/\/wgphoto.pl\/t\/index.php?rest_route=\/wp\/v2\/posts\/5194\/revisions\/5196"}],"wp:featuredmedia":[{"embeddable":true,"href":"http:\/\/wgphoto.pl\/t\/index.php?rest_route=\/wp\/v2\/media\/5195"}],"wp:attachment":[{"href":"http:\/\/wgphoto.pl\/t\/index.php?rest_route=%2Fwp%2Fv2%2Fmedia&parent=5194"}],"wp:term":[{"taxonomy":"category","embeddable":true,"href":"http:\/\/wgphoto.pl\/t\/index.php?rest_route=%2Fwp%2Fv2%2Fcategories&post=5194"},{"taxonomy":"post_tag","embeddable":true,"href":"http:\/\/wgphoto.pl\/t\/index.php?rest_route=%2Fwp%2Fv2%2Ftags&post=5194"}],"curies":[{"name":"wp","href":"https:\/\/api.w.org\/{rel}","templated":true}]}}