{"id":5197,"date":"2024-11-09T11:55:43","date_gmt":"2024-11-09T10:55:43","guid":{"rendered":"https:\/\/wgphoto.pl\/t\/?p=5197"},"modified":"2024-11-09T11:55:43","modified_gmt":"2024-11-09T10:55:43","slug":"bardzo-jesiennie","status":"publish","type":"post","link":"http:\/\/wgphoto.pl\/t\/?p=5197","title":{"rendered":"Bardzo jesiennie"},"content":{"rendered":"\n<figure class=\"wp-block-image aligncenter size-full\"><img loading=\"lazy\" decoding=\"async\" width=\"1300\" height=\"870\" src=\"https:\/\/wgphoto.pl\/t\/wp-content\/uploads\/2024\/11\/IMGP0273.jpg\" alt=\"\" class=\"wp-image-5198\" srcset=\"http:\/\/wgphoto.pl\/t\/wp-content\/uploads\/2024\/11\/IMGP0273.jpg 1300w, http:\/\/wgphoto.pl\/t\/wp-content\/uploads\/2024\/11\/IMGP0273-300x201.jpg 300w, http:\/\/wgphoto.pl\/t\/wp-content\/uploads\/2024\/11\/IMGP0273-768x514.jpg 768w\" sizes=\"auto, (max-width: 1300px) 100vw, 1300px\" \/><\/figure>\n\n\n\n<div class=\"wp-block-group has-global-padding is-layout-constrained wp-block-group-is-layout-constrained\">\n<p>Bli\u017cej nieokre\u015blony poci\u0105g (roboczy?) sp\u00f3\u0142ki ODOS, prowadzony maszyn\u0105 742.501-0, przemierza sk\u0105pane w barwach jesieni tereny Niskiego Jesioniku, aktualnie na odcinku Brantice &#8211; Z\u00e1tor. 19.10.2012<\/p>\n<\/div>\n","protected":false},"excerpt":{"rendered":"<p>Bli\u017cej nieokre\u015blony poci\u0105g (roboczy?) sp\u00f3\u0142ki ODOS, prowadzony maszyn\u0105 742.501-0, przemierza sk\u0105pane w barwach jesieni tereny Niskiego Jesioniku, aktualnie na odcinku Brantice &#8211; Z\u00e1tor. 19.10.2012<\/p>\n","protected":false},"author":1,"featured_media":5198,"comment_status":"open","ping_status":"","sticky":false,"template":"","format":"standard","meta":{"footnotes":""},"categories":[2,46],"tags":[1142,496,1646,49,126,2043,1141,1140],"class_list":["post-5197","post","type-post","status-publish","format-standard","has-post-thumbnail","hentry","category-kolej","category-rok-2012","tag-2012-10-19","tag-496","tag-brantice","tag-czechy","tag-jesien","tag-odos","tag-tab-cz310","tag-zator"],"_links":{"self":[{"href":"http:\/\/wgphoto.pl\/t\/index.php?rest_route=\/wp\/v2\/posts\/5197","targetHints":{"allow":["GET"]}}],"collection":[{"href":"http:\/\/wgphoto.pl\/t\/index.php?rest_route=\/wp\/v2\/posts"}],"about":[{"href":"http:\/\/wgphoto.pl\/t\/index.php?rest_route=\/wp\/v2\/types\/post"}],"author":[{"embeddable":true,"href":"http:\/\/wgphoto.pl\/t\/index.php?rest_route=\/wp\/v2\/users\/1"}],"replies":[{"embeddable":true,"href":"http:\/\/wgphoto.pl\/t\/index.php?rest_route=%2Fwp%2Fv2%2Fcomments&post=5197"}],"version-history":[{"count":1,"href":"http:\/\/wgphoto.pl\/t\/index.php?rest_route=\/wp\/v2\/posts\/5197\/revisions"}],"predecessor-version":[{"id":5199,"href":"http:\/\/wgphoto.pl\/t\/index.php?rest_route=\/wp\/v2\/posts\/5197\/revisions\/5199"}],"wp:featuredmedia":[{"embeddable":true,"href":"http:\/\/wgphoto.pl\/t\/index.php?rest_route=\/wp\/v2\/media\/5198"}],"wp:attachment":[{"href":"http:\/\/wgphoto.pl\/t\/index.php?rest_route=%2Fwp%2Fv2%2Fmedia&parent=5197"}],"wp:term":[{"taxonomy":"category","embeddable":true,"href":"http:\/\/wgphoto.pl\/t\/index.php?rest_route=%2Fwp%2Fv2%2Fcategories&post=5197"},{"taxonomy":"post_tag","embeddable":true,"href":"http:\/\/wgphoto.pl\/t\/index.php?rest_route=%2Fwp%2Fv2%2Ftags&post=5197"}],"curies":[{"name":"wp","href":"https:\/\/api.w.org\/{rel}","templated":true}]}}