{"id":5258,"date":"2024-11-09T16:06:32","date_gmt":"2024-11-09T15:06:32","guid":{"rendered":"https:\/\/wgphoto.pl\/t\/?p=5258"},"modified":"2024-11-09T16:06:32","modified_gmt":"2024-11-09T15:06:32","slug":"waskie-gardlo-w-szerszym-ujeciu","status":"publish","type":"post","link":"http:\/\/wgphoto.pl\/t\/?p=5258","title":{"rendered":"W\u0105skie gard\u0142o w szerszym uj\u0119ciu"},"content":{"rendered":"\n<figure class=\"wp-block-image aligncenter size-full\"><img loading=\"lazy\" decoding=\"async\" width=\"1050\" height=\"700\" src=\"https:\/\/wgphoto.pl\/t\/wp-content\/uploads\/2024\/11\/DSCF7942.jpg\" alt=\"\" class=\"wp-image-5259\" srcset=\"http:\/\/wgphoto.pl\/t\/wp-content\/uploads\/2024\/11\/DSCF7942.jpg 1050w, http:\/\/wgphoto.pl\/t\/wp-content\/uploads\/2024\/11\/DSCF7942-300x200.jpg 300w, http:\/\/wgphoto.pl\/t\/wp-content\/uploads\/2024\/11\/DSCF7942-768x512.jpg 768w\" sizes=\"auto, (max-width: 1050px) 100vw, 1050px\" \/><\/figure>\n\n\n\n<div class=\"wp-block-group has-global-padding is-layout-constrained wp-block-group-is-layout-constrained\">\n<p>Praga, ul. Letensk\u00e1. Miejsce z poprzedniego zdj\u0119cia w szerszym kontek\u015bcie. Sk\u0142ad T3SUCS 7122+7123. 2008-11-11<\/p>\n<\/div>\n","protected":false},"excerpt":{"rendered":"<p>Praga, ul. Letensk\u00e1. Miejsce z poprzedniego zdj\u0119cia w szerszym kontek\u015bcie. Sk\u0142ad T3SUCS 7122+7123. 2008-11-11<\/p>\n","protected":false},"author":1,"featured_media":5259,"comment_status":"open","ping_status":"","sticky":false,"template":"","format":"standard","meta":{"footnotes":""},"categories":[120,3],"tags":[2057,49,1049,52,905,1333,1011],"class_list":["post-5258","post","type-post","status-publish","format-standard","has-post-thumbnail","hentry","category-rok-2008","category-tramwaj","tag-2008-11-11","tag-czechy","tag-dp-praha","tag-praga","tag-przez","tag-splot","tag-tatra-t3"],"_links":{"self":[{"href":"http:\/\/wgphoto.pl\/t\/index.php?rest_route=\/wp\/v2\/posts\/5258","targetHints":{"allow":["GET"]}}],"collection":[{"href":"http:\/\/wgphoto.pl\/t\/index.php?rest_route=\/wp\/v2\/posts"}],"about":[{"href":"http:\/\/wgphoto.pl\/t\/index.php?rest_route=\/wp\/v2\/types\/post"}],"author":[{"embeddable":true,"href":"http:\/\/wgphoto.pl\/t\/index.php?rest_route=\/wp\/v2\/users\/1"}],"replies":[{"embeddable":true,"href":"http:\/\/wgphoto.pl\/t\/index.php?rest_route=%2Fwp%2Fv2%2Fcomments&post=5258"}],"version-history":[{"count":1,"href":"http:\/\/wgphoto.pl\/t\/index.php?rest_route=\/wp\/v2\/posts\/5258\/revisions"}],"predecessor-version":[{"id":5260,"href":"http:\/\/wgphoto.pl\/t\/index.php?rest_route=\/wp\/v2\/posts\/5258\/revisions\/5260"}],"wp:featuredmedia":[{"embeddable":true,"href":"http:\/\/wgphoto.pl\/t\/index.php?rest_route=\/wp\/v2\/media\/5259"}],"wp:attachment":[{"href":"http:\/\/wgphoto.pl\/t\/index.php?rest_route=%2Fwp%2Fv2%2Fmedia&parent=5258"}],"wp:term":[{"taxonomy":"category","embeddable":true,"href":"http:\/\/wgphoto.pl\/t\/index.php?rest_route=%2Fwp%2Fv2%2Fcategories&post=5258"},{"taxonomy":"post_tag","embeddable":true,"href":"http:\/\/wgphoto.pl\/t\/index.php?rest_route=%2Fwp%2Fv2%2Ftags&post=5258"}],"curies":[{"name":"wp","href":"https:\/\/api.w.org\/{rel}","templated":true}]}}