{"id":527,"date":"2024-09-29T21:27:00","date_gmt":"2024-09-29T19:27:00","guid":{"rendered":"https:\/\/wgphoto.pl\/t\/?p=527"},"modified":"2025-01-12T00:04:34","modified_gmt":"2025-01-11T23:04:34","slug":"ciagi-komunikacyjne","status":"publish","type":"post","link":"http:\/\/wgphoto.pl\/t\/?p=527","title":{"rendered":"Ci\u0105gi komunikacyjne"},"content":{"rendered":"\n<figure class=\"wp-block-image aligncenter size-full\"><img loading=\"lazy\" decoding=\"async\" width=\"1200\" height=\"795\" src=\"https:\/\/wgphoto.pl\/t\/wp-content\/uploads\/IMGP6337.jpg\" alt=\"\" class=\"wp-image-528\" srcset=\"http:\/\/wgphoto.pl\/t\/wp-content\/uploads\/IMGP6337.jpg 1200w, http:\/\/wgphoto.pl\/t\/wp-content\/uploads\/IMGP6337-300x199.jpg 300w, http:\/\/wgphoto.pl\/t\/wp-content\/uploads\/IMGP6337-768x509.jpg 768w\" sizes=\"auto, (max-width: 1200px) 100vw, 1200px\" \/><\/figure>\n\n\n\n<div class=\"wp-block-group has-global-padding is-layout-constrained wp-block-group-is-layout-constrained\">\n<p>Budapeszt, stacja R\u00e1k\u00f3czi t\u00e9r. 22.06.2014<\/p>\n<\/div>\n","protected":false},"excerpt":{"rendered":"<p>Budapeszt, stacja R\u00e1k\u00f3czi t\u00e9r. 22.06.2014<\/p>\n","protected":false},"author":1,"featured_media":528,"comment_status":"open","ping_status":"","sticky":false,"template":"","format":"standard","meta":{"footnotes":""},"categories":[220,4,48],"tags":[222,34,2898,144,221,223,15,105],"class_list":["post-527","post","type-post","status-publish","format-standard","has-post-thumbnail","hentry","category-blo","category-metro","category-rok-2014","tag-2014-06-22","tag-architektura","tag-budapesti-metro","tag-budapeszt","tag-stacje-budapesztanskiego-metra","tag-symetria","tag-tunel","tag-wegry"],"_links":{"self":[{"href":"http:\/\/wgphoto.pl\/t\/index.php?rest_route=\/wp\/v2\/posts\/527","targetHints":{"allow":["GET"]}}],"collection":[{"href":"http:\/\/wgphoto.pl\/t\/index.php?rest_route=\/wp\/v2\/posts"}],"about":[{"href":"http:\/\/wgphoto.pl\/t\/index.php?rest_route=\/wp\/v2\/types\/post"}],"author":[{"embeddable":true,"href":"http:\/\/wgphoto.pl\/t\/index.php?rest_route=\/wp\/v2\/users\/1"}],"replies":[{"embeddable":true,"href":"http:\/\/wgphoto.pl\/t\/index.php?rest_route=%2Fwp%2Fv2%2Fcomments&post=527"}],"version-history":[{"count":1,"href":"http:\/\/wgphoto.pl\/t\/index.php?rest_route=\/wp\/v2\/posts\/527\/revisions"}],"predecessor-version":[{"id":529,"href":"http:\/\/wgphoto.pl\/t\/index.php?rest_route=\/wp\/v2\/posts\/527\/revisions\/529"}],"wp:featuredmedia":[{"embeddable":true,"href":"http:\/\/wgphoto.pl\/t\/index.php?rest_route=\/wp\/v2\/media\/528"}],"wp:attachment":[{"href":"http:\/\/wgphoto.pl\/t\/index.php?rest_route=%2Fwp%2Fv2%2Fmedia&parent=527"}],"wp:term":[{"taxonomy":"category","embeddable":true,"href":"http:\/\/wgphoto.pl\/t\/index.php?rest_route=%2Fwp%2Fv2%2Fcategories&post=527"},{"taxonomy":"post_tag","embeddable":true,"href":"http:\/\/wgphoto.pl\/t\/index.php?rest_route=%2Fwp%2Fv2%2Ftags&post=527"}],"curies":[{"name":"wp","href":"https:\/\/api.w.org\/{rel}","templated":true}]}}