{"id":5288,"date":"2024-11-09T16:39:28","date_gmt":"2024-11-09T15:39:28","guid":{"rendered":"https:\/\/wgphoto.pl\/t\/?p=5288"},"modified":"2024-11-09T16:39:28","modified_gmt":"2024-11-09T15:39:28","slug":"czarna-dziura","status":"publish","type":"post","link":"http:\/\/wgphoto.pl\/t\/?p=5288","title":{"rendered":"Czarna dziura"},"content":{"rendered":"\n<figure class=\"wp-block-image aligncenter size-full\"><img loading=\"lazy\" decoding=\"async\" width=\"1300\" height=\"731\" src=\"https:\/\/wgphoto.pl\/t\/wp-content\/uploads\/2024\/11\/IMGP2458.jpg\" alt=\"\" class=\"wp-image-5289\" srcset=\"http:\/\/wgphoto.pl\/t\/wp-content\/uploads\/2024\/11\/IMGP2458.jpg 1300w, http:\/\/wgphoto.pl\/t\/wp-content\/uploads\/2024\/11\/IMGP2458-300x169.jpg 300w, http:\/\/wgphoto.pl\/t\/wp-content\/uploads\/2024\/11\/IMGP2458-768x432.jpg 768w\" sizes=\"auto, (max-width: 1300px) 100vw, 1300px\" \/><\/figure>\n\n\n\n<div class=\"wp-block-group has-global-padding is-layout-constrained wp-block-group-is-layout-constrained\">\n<p>Granada, stacja M\u00e9ndez N\u00fa\u00f1ez. W centrum miasta tramwaj chowa si\u0119 pod ziemi\u0119, by pomkn\u0105\u0107 pod jedn\u0105 z g\u0142\u00f3wnych ulic. W tunelu znajduj\u0105 si\u0119 trzy stacje, z czego dwie maj\u0105 taki wystr\u00f3j jak powy\u017csza. 2018-11-19<\/p>\n<\/div>\n","protected":false},"excerpt":{"rendered":"<p>Granada, stacja M\u00e9ndez N\u00fa\u00f1ez. W centrum miasta tramwaj chowa si\u0119 pod ziemi\u0119, by pomkn\u0105\u0107 pod jedn\u0105 z g\u0142\u00f3wnych ulic. W tunelu znajduj\u0105 si\u0119 trzy stacje, z czego dwie maj\u0105 taki wystr\u00f3j jak powy\u017csza. 2018-11-19<\/p>\n","protected":false},"author":1,"featured_media":5289,"comment_status":"open","ping_status":"","sticky":false,"template":"","format":"standard","meta":{"footnotes":""},"categories":[156,3],"tags":[163,157,158,159,160,161,103,15],"class_list":["post-5288","post","type-post","status-publish","format-standard","has-post-thumbnail","hentry","category-rok-2018","category-tramwaj","tag-2018-11-19","tag-caf-urbos","tag-granada","tag-hiszpania","tag-hiszpania-2018","tag-metro-de-granada","tag-premetro","tag-tunel"],"_links":{"self":[{"href":"http:\/\/wgphoto.pl\/t\/index.php?rest_route=\/wp\/v2\/posts\/5288","targetHints":{"allow":["GET"]}}],"collection":[{"href":"http:\/\/wgphoto.pl\/t\/index.php?rest_route=\/wp\/v2\/posts"}],"about":[{"href":"http:\/\/wgphoto.pl\/t\/index.php?rest_route=\/wp\/v2\/types\/post"}],"author":[{"embeddable":true,"href":"http:\/\/wgphoto.pl\/t\/index.php?rest_route=\/wp\/v2\/users\/1"}],"replies":[{"embeddable":true,"href":"http:\/\/wgphoto.pl\/t\/index.php?rest_route=%2Fwp%2Fv2%2Fcomments&post=5288"}],"version-history":[{"count":1,"href":"http:\/\/wgphoto.pl\/t\/index.php?rest_route=\/wp\/v2\/posts\/5288\/revisions"}],"predecessor-version":[{"id":5290,"href":"http:\/\/wgphoto.pl\/t\/index.php?rest_route=\/wp\/v2\/posts\/5288\/revisions\/5290"}],"wp:featuredmedia":[{"embeddable":true,"href":"http:\/\/wgphoto.pl\/t\/index.php?rest_route=\/wp\/v2\/media\/5289"}],"wp:attachment":[{"href":"http:\/\/wgphoto.pl\/t\/index.php?rest_route=%2Fwp%2Fv2%2Fmedia&parent=5288"}],"wp:term":[{"taxonomy":"category","embeddable":true,"href":"http:\/\/wgphoto.pl\/t\/index.php?rest_route=%2Fwp%2Fv2%2Fcategories&post=5288"},{"taxonomy":"post_tag","embeddable":true,"href":"http:\/\/wgphoto.pl\/t\/index.php?rest_route=%2Fwp%2Fv2%2Ftags&post=5288"}],"curies":[{"name":"wp","href":"https:\/\/api.w.org\/{rel}","templated":true}]}}