{"id":5310,"date":"2024-11-09T19:52:30","date_gmt":"2024-11-09T18:52:30","guid":{"rendered":"https:\/\/wgphoto.pl\/t\/?p=5310"},"modified":"2025-01-12T00:03:28","modified_gmt":"2025-01-11T23:03:28","slug":"rakoczi-ter","status":"publish","type":"post","link":"http:\/\/wgphoto.pl\/t\/?p=5310","title":{"rendered":"R\u00e1k\u00f3czi t\u00e9r"},"content":{"rendered":"\n<figure class=\"wp-block-image aligncenter size-full\"><img loading=\"lazy\" decoding=\"async\" width=\"1200\" height=\"795\" src=\"https:\/\/wgphoto.pl\/t\/wp-content\/uploads\/2024\/11\/IMGP6332.jpg\" alt=\"\" class=\"wp-image-5311\" srcset=\"http:\/\/wgphoto.pl\/t\/wp-content\/uploads\/2024\/11\/IMGP6332.jpg 1200w, http:\/\/wgphoto.pl\/t\/wp-content\/uploads\/2024\/11\/IMGP6332-300x199.jpg 300w, http:\/\/wgphoto.pl\/t\/wp-content\/uploads\/2024\/11\/IMGP6332-768x509.jpg 768w\" sizes=\"auto, (max-width: 1200px) 100vw, 1200px\" \/><\/figure>\n\n\n\n<div class=\"wp-block-group has-global-padding is-layout-constrained wp-block-group-is-layout-constrained\">\n<p>Wszystkie stacje na czwartej linii budapeszta\u0144skiego metra, uruchomionej 28 marca 2014 roku, prezentuj\u0105 si\u0119 bardzo atrakcyjnie &#8211; tu akurat R\u00e1k\u00f3czi t\u00e9r. 22.06.2014<\/p>\n<\/div>\n","protected":false},"excerpt":{"rendered":"<p>Wszystkie stacje na czwartej linii budapeszta\u0144skiego metra, uruchomionej 28 marca 2014 roku, prezentuj\u0105 si\u0119 bardzo atrakcyjnie &#8211; tu akurat R\u00e1k\u00f3czi t\u00e9r. 22.06.2014<\/p>\n","protected":false},"author":1,"featured_media":5311,"comment_status":"open","ping_status":"","sticky":false,"template":"","format":"standard","meta":{"footnotes":""},"categories":[4,48],"tags":[222,146,147,2898,144,173,221,15,105],"class_list":["post-5310","post","type-post","status-publish","format-standard","has-post-thumbnail","hentry","category-metro","category-rok-2014","tag-2014-06-22","tag-alstom-metropolis","tag-bkv-budapest","tag-budapesti-metro","tag-budapeszt","tag-koncowki","tag-stacje-budapesztanskiego-metra","tag-tunel","tag-wegry"],"_links":{"self":[{"href":"http:\/\/wgphoto.pl\/t\/index.php?rest_route=\/wp\/v2\/posts\/5310","targetHints":{"allow":["GET"]}}],"collection":[{"href":"http:\/\/wgphoto.pl\/t\/index.php?rest_route=\/wp\/v2\/posts"}],"about":[{"href":"http:\/\/wgphoto.pl\/t\/index.php?rest_route=\/wp\/v2\/types\/post"}],"author":[{"embeddable":true,"href":"http:\/\/wgphoto.pl\/t\/index.php?rest_route=\/wp\/v2\/users\/1"}],"replies":[{"embeddable":true,"href":"http:\/\/wgphoto.pl\/t\/index.php?rest_route=%2Fwp%2Fv2%2Fcomments&post=5310"}],"version-history":[{"count":1,"href":"http:\/\/wgphoto.pl\/t\/index.php?rest_route=\/wp\/v2\/posts\/5310\/revisions"}],"predecessor-version":[{"id":5312,"href":"http:\/\/wgphoto.pl\/t\/index.php?rest_route=\/wp\/v2\/posts\/5310\/revisions\/5312"}],"wp:featuredmedia":[{"embeddable":true,"href":"http:\/\/wgphoto.pl\/t\/index.php?rest_route=\/wp\/v2\/media\/5311"}],"wp:attachment":[{"href":"http:\/\/wgphoto.pl\/t\/index.php?rest_route=%2Fwp%2Fv2%2Fmedia&parent=5310"}],"wp:term":[{"taxonomy":"category","embeddable":true,"href":"http:\/\/wgphoto.pl\/t\/index.php?rest_route=%2Fwp%2Fv2%2Fcategories&post=5310"},{"taxonomy":"post_tag","embeddable":true,"href":"http:\/\/wgphoto.pl\/t\/index.php?rest_route=%2Fwp%2Fv2%2Ftags&post=5310"}],"curies":[{"name":"wp","href":"https:\/\/api.w.org\/{rel}","templated":true}]}}