{"id":5313,"date":"2024-11-09T19:54:50","date_gmt":"2024-11-09T18:54:50","guid":{"rendered":"https:\/\/wgphoto.pl\/t\/?p=5313"},"modified":"2025-01-12T00:03:12","modified_gmt":"2025-01-11T23:03:12","slug":"zolta-tuba","status":"publish","type":"post","link":"http:\/\/wgphoto.pl\/t\/?p=5313","title":{"rendered":"\u017b\u00f3\u0142ta tuba"},"content":{"rendered":"\n<figure class=\"wp-block-image aligncenter size-full\"><img loading=\"lazy\" decoding=\"async\" width=\"1050\" height=\"700\" src=\"https:\/\/wgphoto.pl\/t\/wp-content\/uploads\/2024\/11\/IMGP6326.jpg\" alt=\"\" class=\"wp-image-5314\" srcset=\"http:\/\/wgphoto.pl\/t\/wp-content\/uploads\/2024\/11\/IMGP6326.jpg 1050w, http:\/\/wgphoto.pl\/t\/wp-content\/uploads\/2024\/11\/IMGP6326-300x200.jpg 300w, http:\/\/wgphoto.pl\/t\/wp-content\/uploads\/2024\/11\/IMGP6326-768x512.jpg 768w\" sizes=\"auto, (max-width: 1050px) 100vw, 1050px\" \/><\/figure>\n\n\n\n<div class=\"wp-block-group has-global-padding is-layout-constrained wp-block-group-is-layout-constrained\">\n<p>\u2026na doj\u015bciu do peron\u00f3w stacji K\u00e1lvin t\u00e9r. Budapeszt, 22.06.2014<\/p>\n<\/div>\n","protected":false},"excerpt":{"rendered":"<p>\u2026na doj\u015bciu do peron\u00f3w stacji K\u00e1lvin t\u00e9r. Budapeszt, 22.06.2014<\/p>\n","protected":false},"author":1,"featured_media":5314,"comment_status":"open","ping_status":"","sticky":false,"template":"","format":"standard","meta":{"footnotes":""},"categories":[220,4,48],"tags":[222,34,2898,144,221,15,105],"class_list":["post-5313","post","type-post","status-publish","format-standard","has-post-thumbnail","hentry","category-blo","category-metro","category-rok-2014","tag-2014-06-22","tag-architektura","tag-budapesti-metro","tag-budapeszt","tag-stacje-budapesztanskiego-metra","tag-tunel","tag-wegry"],"_links":{"self":[{"href":"http:\/\/wgphoto.pl\/t\/index.php?rest_route=\/wp\/v2\/posts\/5313","targetHints":{"allow":["GET"]}}],"collection":[{"href":"http:\/\/wgphoto.pl\/t\/index.php?rest_route=\/wp\/v2\/posts"}],"about":[{"href":"http:\/\/wgphoto.pl\/t\/index.php?rest_route=\/wp\/v2\/types\/post"}],"author":[{"embeddable":true,"href":"http:\/\/wgphoto.pl\/t\/index.php?rest_route=\/wp\/v2\/users\/1"}],"replies":[{"embeddable":true,"href":"http:\/\/wgphoto.pl\/t\/index.php?rest_route=%2Fwp%2Fv2%2Fcomments&post=5313"}],"version-history":[{"count":2,"href":"http:\/\/wgphoto.pl\/t\/index.php?rest_route=\/wp\/v2\/posts\/5313\/revisions"}],"predecessor-version":[{"id":5316,"href":"http:\/\/wgphoto.pl\/t\/index.php?rest_route=\/wp\/v2\/posts\/5313\/revisions\/5316"}],"wp:featuredmedia":[{"embeddable":true,"href":"http:\/\/wgphoto.pl\/t\/index.php?rest_route=\/wp\/v2\/media\/5314"}],"wp:attachment":[{"href":"http:\/\/wgphoto.pl\/t\/index.php?rest_route=%2Fwp%2Fv2%2Fmedia&parent=5313"}],"wp:term":[{"taxonomy":"category","embeddable":true,"href":"http:\/\/wgphoto.pl\/t\/index.php?rest_route=%2Fwp%2Fv2%2Fcategories&post=5313"},{"taxonomy":"post_tag","embeddable":true,"href":"http:\/\/wgphoto.pl\/t\/index.php?rest_route=%2Fwp%2Fv2%2Ftags&post=5313"}],"curies":[{"name":"wp","href":"https:\/\/api.w.org\/{rel}","templated":true}]}}