{"id":5317,"date":"2024-11-09T19:57:40","date_gmt":"2024-11-09T18:57:40","guid":{"rendered":"https:\/\/wgphoto.pl\/t\/?p=5317"},"modified":"2024-11-09T19:57:40","modified_gmt":"2024-11-09T18:57:40","slug":"jaki-kraj-takie-pendo-1","status":"publish","type":"post","link":"http:\/\/wgphoto.pl\/t\/?p=5317","title":{"rendered":"Jaki kraj, takie Pendo (1)"},"content":{"rendered":"\n<figure class=\"wp-block-image aligncenter size-full\"><img loading=\"lazy\" decoding=\"async\" width=\"1200\" height=\"795\" src=\"https:\/\/wgphoto.pl\/t\/wp-content\/uploads\/2024\/11\/IMGP1564.jpg\" alt=\"\" class=\"wp-image-5318\" srcset=\"http:\/\/wgphoto.pl\/t\/wp-content\/uploads\/2024\/11\/IMGP1564.jpg 1200w, http:\/\/wgphoto.pl\/t\/wp-content\/uploads\/2024\/11\/IMGP1564-300x199.jpg 300w, http:\/\/wgphoto.pl\/t\/wp-content\/uploads\/2024\/11\/IMGP1564-768x509.jpg 768w\" sizes=\"auto, (max-width: 1200px) 100vw, 1200px\" \/><\/figure>\n\n\n\n<div class=\"wp-block-group has-global-padding is-layout-constrained wp-block-group-is-layout-constrained\">\n<p>S\u0142owe\u0144skie Pendolino obs\u0142uguje poci\u0105gi kategorii Inter City Slovenija (ICS), kursuj\u0105ce w relacji Maribor &#8211; Ljubljana. Latem niekt\u00f3re kursy wyd\u0142u\u017cone s\u0105 do nadmorskiego Kopru. Podobno osi\u0105gaj\u0105 vmax 170 km\/h na kilkukilometrowym odcinku Ljubljana Zalog &#8211; Ljubljana Polje oraz 160 km\/h na kilku nieco d\u0142u\u017cszych fragmentach. Na zdj\u0119ciu: ICS 20 rel. Ljubljana &#8211; Maribor zbli\u017ca si\u0119 do Hrastnika. 16.08.2015<\/p>\n<\/div>\n","protected":false},"excerpt":{"rendered":"<p>S\u0142owe\u0144skie Pendolino obs\u0142uguje poci\u0105gi kategorii Inter City Slovenija (ICS), kursuj\u0105ce w relacji Maribor &#8211; Ljubljana. Latem niekt\u00f3re kursy wyd\u0142u\u017cone s\u0105 do nadmorskiego Kopru. Podobno osi\u0105gaj\u0105 vmax 170 km\/h na kilkukilometrowym odcinku Ljubljana Zalog &#8211; Ljubljana Polje oraz 160 km\/h na kilku nieco d\u0142u\u017cszych fragmentach. Na zdj\u0119ciu: ICS 20 rel. Ljubljana &#8211; Maribor zbli\u017ca si\u0119 do [&hellip;]<\/p>\n","protected":false},"author":1,"featured_media":5318,"comment_status":"open","ping_status":"","sticky":false,"template":"","format":"standard","meta":{"footnotes":""},"categories":[2,104],"tags":[257,254,754,73,255,253,107],"class_list":["post-5317","post","type-post","status-publish","format-standard","has-post-thumbnail","hentry","category-kolej","category-rok-2015","tag-2015-08-16","tag-hrastnik","tag-pendolino","tag-rzeka","tag-slowenia","tag-sz","tag-wakacje-2015"],"_links":{"self":[{"href":"http:\/\/wgphoto.pl\/t\/index.php?rest_route=\/wp\/v2\/posts\/5317","targetHints":{"allow":["GET"]}}],"collection":[{"href":"http:\/\/wgphoto.pl\/t\/index.php?rest_route=\/wp\/v2\/posts"}],"about":[{"href":"http:\/\/wgphoto.pl\/t\/index.php?rest_route=\/wp\/v2\/types\/post"}],"author":[{"embeddable":true,"href":"http:\/\/wgphoto.pl\/t\/index.php?rest_route=\/wp\/v2\/users\/1"}],"replies":[{"embeddable":true,"href":"http:\/\/wgphoto.pl\/t\/index.php?rest_route=%2Fwp%2Fv2%2Fcomments&post=5317"}],"version-history":[{"count":1,"href":"http:\/\/wgphoto.pl\/t\/index.php?rest_route=\/wp\/v2\/posts\/5317\/revisions"}],"predecessor-version":[{"id":5319,"href":"http:\/\/wgphoto.pl\/t\/index.php?rest_route=\/wp\/v2\/posts\/5317\/revisions\/5319"}],"wp:featuredmedia":[{"embeddable":true,"href":"http:\/\/wgphoto.pl\/t\/index.php?rest_route=\/wp\/v2\/media\/5318"}],"wp:attachment":[{"href":"http:\/\/wgphoto.pl\/t\/index.php?rest_route=%2Fwp%2Fv2%2Fmedia&parent=5317"}],"wp:term":[{"taxonomy":"category","embeddable":true,"href":"http:\/\/wgphoto.pl\/t\/index.php?rest_route=%2Fwp%2Fv2%2Fcategories&post=5317"},{"taxonomy":"post_tag","embeddable":true,"href":"http:\/\/wgphoto.pl\/t\/index.php?rest_route=%2Fwp%2Fv2%2Ftags&post=5317"}],"curies":[{"name":"wp","href":"https:\/\/api.w.org\/{rel}","templated":true}]}}